{"id":8659,"date":"2024-11-19T10:48:29","date_gmt":"2024-11-19T10:48:29","guid":{"rendered":"https:\/\/247stiri.ro\/index.php\/2024\/11\/19\/este-oficial-iohannis-a-semnat-legea-pensionarii-care-au-primit-bani-in-plus-nu-ii-vor-mai-restitui\/"},"modified":"2024-11-19T10:48:29","modified_gmt":"2024-11-19T10:48:29","slug":"este-oficial-iohannis-a-semnat-legea-pensionarii-care-au-primit-bani-in-plus-nu-ii-vor-mai-restitui","status":"publish","type":"post","link":"https:\/\/247stiri.ro\/index.php\/2024\/11\/19\/este-oficial-iohannis-a-semnat-legea-pensionarii-care-au-primit-bani-in-plus-nu-ii-vor-mai-restitui\/","title":{"rendered":"Este OFICIAL! Iohannis a semnat legea. Pensionarii care au primit bani \u00een plus nu \u00eei vor mai restitui"},"content":{"rendered":"<p>Klaus Iohannis a semnat, mar\u021bi, decretul pentru modificarea Legii nr. 125\/2014 privind scutirea de la plat\u0103 a unor debite provenite din pensii \u0219i pentru stabilirea unor m\u0103suri de protec\u021bie social\u0103.<\/p>\n<p>Dac\u0103 pensionarii au fost anun\u021ba\u021bi ini\u021bial c\u0103 vor fi obliga\u021bi s\u0103 dea \u00eenapoi banii, acum pre\u0219edintele a promulgat legea \u0219i vor fi amnistia\u021bi. Ar fi vorba de peste 10.000 de pensionari, ale c\u0103ror venituri lunare au fost calculate, \u00een medie, cu cel mult 100 de lei \u00een plus.<\/p>\n<p>Astfel, pensionarii care la recalcularea au primit mai mul\u021bi bani, \u00een urma unor calcule gre\u0219ite f\u0103cute de func\u021bionari, nu mai dau banii \u00eenapoi.<\/p>\n<p>Proiectul prevede \u0219i c\u0103 func\u021bionarii care au f\u0103cut gre\u0219eli scap\u0103 de responsabilitate.<\/p>\n<p>Scutirea de la plata sumelor primite necuvenit de pensionari se va aplica indiferent de categoria de pensie de care beneficiaz\u0103 sau au beneficiat ace\u0219tia \u00een momentul constat\u0103rii diferen\u021belor.\u00a0<\/p>\n<p>\u00a0<\/p>\n<p>\u00a0<\/p>","protected":false},"excerpt":{"rendered":"<p>Klaus Iohannis a semnat, mar\u021bi, decretul pentru modificarea Legii nr. 125\/2014 privind scutirea de la&hellip;<\/p>\n","protected":false},"author":0,"featured_media":8654,"comment_status":"open","ping_status":"open","sticky":false,"template":"","format":"standard","meta":{"footnotes":""},"categories":[2],"tags":[],"class_list":["post-8659","post","type-post","status-publish","format-standard","has-post-thumbnail","hentry","category-actual"],"_links":{"self":[{"href":"https:\/\/247stiri.ro\/index.php\/wp-json\/wp\/v2\/posts\/8659","targetHints":{"allow":["GET"]}}],"collection":[{"href":"https:\/\/247stiri.ro\/index.php\/wp-json\/wp\/v2\/posts"}],"about":[{"href":"https:\/\/247stiri.ro\/index.php\/wp-json\/wp\/v2\/types\/post"}],"replies":[{"embeddable":true,"href":"https:\/\/247stiri.ro\/index.php\/wp-json\/wp\/v2\/comments?post=8659"}],"version-history":[{"count":0,"href":"https:\/\/247stiri.ro\/index.php\/wp-json\/wp\/v2\/posts\/8659\/revisions"}],"wp:featuredmedia":[{"embeddable":true,"href":"https:\/\/247stiri.ro\/index.php\/wp-json\/wp\/v2\/media\/8654"}],"wp:attachment":[{"href":"https:\/\/247stiri.ro\/index.php\/wp-json\/wp\/v2\/media?parent=8659"}],"wp:term":[{"taxonomy":"category","embeddable":true,"href":"https:\/\/247stiri.ro\/index.php\/wp-json\/wp\/v2\/categories?post=8659"},{"taxonomy":"post_tag","embeddable":true,"href":"https:\/\/247stiri.ro\/index.php\/wp-json\/wp\/v2\/tags?post=8659"}],"curies":[{"name":"wp","href":"https:\/\/api.w.org\/{rel}","templated":true}]}}