{"id":869,"date":"2024-10-22T11:48:16","date_gmt":"2024-10-22T11:48:16","guid":{"rendered":"https:\/\/247stiri.ro\/index.php\/2024\/10\/22\/nicolae-ciuca-despre-intrarea-in-opozitie-vrem-la-guvernare-cu-toate-fortele-de-dreapta\/"},"modified":"2024-10-22T11:48:16","modified_gmt":"2024-10-22T11:48:16","slug":"nicolae-ciuca-despre-intrarea-in-opozitie-vrem-la-guvernare-cu-toate-fortele-de-dreapta","status":"publish","type":"post","link":"https:\/\/247stiri.ro\/index.php\/2024\/10\/22\/nicolae-ciuca-despre-intrarea-in-opozitie-vrem-la-guvernare-cu-toate-fortele-de-dreapta\/","title":{"rendered":"Nicolae Ciuc\u0103, despre intrarea \u00een Opozi\u0163ie: \u201eVrem la guvernare cu toate for\u0163ele de dreapta\u201d"},"content":{"rendered":"<p>\u201eAm discutat cu domnul pre\u015fedinte Kelemen Hunor pentru c\u0103 nu ne mai \u00eent\u00e2lnisem de ceva timp. L-am sunat s\u0103pt\u0103m\u00e2na trecut\u0103 c\u00e2nd a fost ziua domniei sale, l-am felicitat \u015fi am stabilit s\u0103 ne vedem \u015fi s\u0103 st\u0103m de vorb\u0103 \u00eempreun\u0103\u201d, a spus pre\u015fedintele PNL, despre discu\u0163iile pe care le-a avut cu pre\u015fedintele UDMR, luni.<\/p>\n<p>\u201eLu\u0103m \u00een considerare s\u0103 intr\u0103m la guvernare cu toate for\u0163ele de dreapta care vor intra \u00een Parlament\u201d, a spus Nicolae Ciuc\u0103.<\/p>\n<p>\u00centrebat dac\u0103 PNL va r\u0103m\u00e2ne \u00een opozi\u0163ie, \u00een cazul \u00een care nu va reu\u015fi s\u0103 fac\u0103 o coali\u0163ie de dreapta dup\u0103 alegeri, Nicolae Ciuc\u0103 a r\u0103spuns: \u201dUrmeaz\u0103 s\u0103 lu\u0103m o decizie \u00een acest sens\u201d.\u00a0<\/p>\n<p>\u00a0<\/p>","protected":false},"excerpt":{"rendered":"<p>\u201eAm discutat cu domnul pre\u015fedinte Kelemen Hunor pentru c\u0103 nu ne mai \u00eent\u00e2lnisem de ceva&hellip;<\/p>\n","protected":false},"author":0,"featured_media":866,"comment_status":"open","ping_status":"open","sticky":false,"template":"","format":"standard","meta":{"footnotes":""},"categories":[2],"tags":[],"class_list":["post-869","post","type-post","status-publish","format-standard","has-post-thumbnail","hentry","category-actual"],"_links":{"self":[{"href":"https:\/\/247stiri.ro\/index.php\/wp-json\/wp\/v2\/posts\/869","targetHints":{"allow":["GET"]}}],"collection":[{"href":"https:\/\/247stiri.ro\/index.php\/wp-json\/wp\/v2\/posts"}],"about":[{"href":"https:\/\/247stiri.ro\/index.php\/wp-json\/wp\/v2\/types\/post"}],"replies":[{"embeddable":true,"href":"https:\/\/247stiri.ro\/index.php\/wp-json\/wp\/v2\/comments?post=869"}],"version-history":[{"count":0,"href":"https:\/\/247stiri.ro\/index.php\/wp-json\/wp\/v2\/posts\/869\/revisions"}],"wp:featuredmedia":[{"embeddable":true,"href":"https:\/\/247stiri.ro\/index.php\/wp-json\/wp\/v2\/media\/866"}],"wp:attachment":[{"href":"https:\/\/247stiri.ro\/index.php\/wp-json\/wp\/v2\/media?parent=869"}],"wp:term":[{"taxonomy":"category","embeddable":true,"href":"https:\/\/247stiri.ro\/index.php\/wp-json\/wp\/v2\/categories?post=869"},{"taxonomy":"post_tag","embeddable":true,"href":"https:\/\/247stiri.ro\/index.php\/wp-json\/wp\/v2\/tags?post=869"}],"curies":[{"name":"wp","href":"https:\/\/api.w.org\/{rel}","templated":true}]}}