{"id":870,"date":"2024-10-22T11:48:16","date_gmt":"2024-10-22T11:48:16","guid":{"rendered":"https:\/\/247stiri.ro\/index.php\/2024\/10\/22\/un-tir-incarcat-cu-anvelope-a-luat-foc-pe-valea-oltului-focul-s-a-propagat-rapid-la-o-pensiune-din-zona-imagini-de-cosmar\/"},"modified":"2024-10-22T11:48:16","modified_gmt":"2024-10-22T11:48:16","slug":"un-tir-incarcat-cu-anvelope-a-luat-foc-pe-valea-oltului-focul-s-a-propagat-rapid-la-o-pensiune-din-zona-imagini-de-cosmar","status":"publish","type":"post","link":"https:\/\/247stiri.ro\/index.php\/2024\/10\/22\/un-tir-incarcat-cu-anvelope-a-luat-foc-pe-valea-oltului-focul-s-a-propagat-rapid-la-o-pensiune-din-zona-imagini-de-cosmar\/","title":{"rendered":"Un TIR \u00eenc\u0103rcat cu anvelope a luat foc pe Valea Oltului: focul s-a propagat rapid la o pensiune din zon\u0103. Imagini de co\u0219mar"},"content":{"rendered":"<p>Fa\u0163ada unei pensiuni a fost deteriorat\u0103 \u015fi zece persoane s-au autoevacuat \u00een urma unui incendiu izbucnit mar\u0163i, \u00een jurul orei 2.00, la remorca unui TIR aflat pe DN7, \u00een localitatea Tu\u0163ule\u015fti din jude\u0163ul V\u00e2lcea.<\/p>\n<p>\u201e\u00cen cursul dimine\u0163ii de 22.10.2024 \u00a0au ars remorca unui autotren \u015fi \u00eenc\u0103rc\u0103tura \u2013 912 anvelope auto\u201d, anun\u0163\u0103 ISU V\u00eelcea.<\/p>\n\n<p>Din cauza caldurii emanante, elementele de fa\u0163ad\u0103 \u015fi mobilierul de pe terasa unei pensiuni, precum \u0219i elemente din plastic de la caroseria a dou\u0103 autoturisme \u015fi a unei autoutilitare au fost deteriorate, mai arat\u0103 sursa citat\u0103.<\/p>\n<p>\u00cen plus de asta, geamurile termopan de la parter \u015fi de la etajul 1 al pensiunii s-au spart.<\/p>\n<p>Zece persoane cazate \u00een pensiune s-au autoevacuat, f\u0103r\u0103 a necesita \u00eengrijiri medicale. Cauza probabil\u0103 a incendiului este un scurtcircuit.<\/p>\n<p>Traficul rutier a fost blocat.<\/p>","protected":false},"excerpt":{"rendered":"<p>Fa\u0163ada unei pensiuni a fost deteriorat\u0103 \u015fi zece persoane s-au autoevacuat \u00een urma unui incendiu&hellip;<\/p>\n","protected":false},"author":0,"featured_media":871,"comment_status":"open","ping_status":"open","sticky":false,"template":"","format":"standard","meta":{"footnotes":""},"categories":[2],"tags":[],"class_list":["post-870","post","type-post","status-publish","format-standard","has-post-thumbnail","hentry","category-actual"],"_links":{"self":[{"href":"https:\/\/247stiri.ro\/index.php\/wp-json\/wp\/v2\/posts\/870","targetHints":{"allow":["GET"]}}],"collection":[{"href":"https:\/\/247stiri.ro\/index.php\/wp-json\/wp\/v2\/posts"}],"about":[{"href":"https:\/\/247stiri.ro\/index.php\/wp-json\/wp\/v2\/types\/post"}],"replies":[{"embeddable":true,"href":"https:\/\/247stiri.ro\/index.php\/wp-json\/wp\/v2\/comments?post=870"}],"version-history":[{"count":0,"href":"https:\/\/247stiri.ro\/index.php\/wp-json\/wp\/v2\/posts\/870\/revisions"}],"wp:featuredmedia":[{"embeddable":true,"href":"https:\/\/247stiri.ro\/index.php\/wp-json\/wp\/v2\/media\/871"}],"wp:attachment":[{"href":"https:\/\/247stiri.ro\/index.php\/wp-json\/wp\/v2\/media?parent=870"}],"wp:term":[{"taxonomy":"category","embeddable":true,"href":"https:\/\/247stiri.ro\/index.php\/wp-json\/wp\/v2\/categories?post=870"},{"taxonomy":"post_tag","embeddable":true,"href":"https:\/\/247stiri.ro\/index.php\/wp-json\/wp\/v2\/tags?post=870"}],"curies":[{"name":"wp","href":"https:\/\/api.w.org\/{rel}","templated":true}]}}