{"id":8715,"date":"2024-11-19T12:45:13","date_gmt":"2024-11-19T12:45:13","guid":{"rendered":"https:\/\/247stiri.ro\/index.php\/2024\/11\/19\/regele-si-regina-spaniei-au-vizitat-din-nou-zonele-devastate-de-inundatiile-mortale\/"},"modified":"2024-11-19T12:45:13","modified_gmt":"2024-11-19T12:45:13","slug":"regele-si-regina-spaniei-au-vizitat-din-nou-zonele-devastate-de-inundatiile-mortale","status":"publish","type":"post","link":"https:\/\/247stiri.ro\/index.php\/2024\/11\/19\/regele-si-regina-spaniei-au-vizitat-din-nou-zonele-devastate-de-inundatiile-mortale\/","title":{"rendered":"Regele \u0219i regina Spaniei au vizitat din nou zonele devastate de inunda\u021biile mortale"},"content":{"rendered":"<p>Potrivit presei spaniole, regele \u015fi regina urmeaz\u0103 s\u0103 viziteze trei dintre satele cele mai afectate de ploile toren\u0163iale care au provocat moartea a cel pu\u0163in 227 de persoane: Chiva \u015fi Utiel, \u00een regiunea Valencia, \u015fi Letur, \u00een Castilla-La Mancha.<\/p>\n<p>\u201eDe la \u00eenceput, am vrut s\u0103 ne ar\u0103t\u0103m dorin\u0163a de a fi prezen\u0163i \u00een toate locurile afectate\u201d, fiind \u00een acela\u015fi timp \u201econ\u015ftien\u0163i c\u0103 fiecare dintre noi trebuie s\u0103 fie la locul s\u0103u\u201d, a declarat Felipe al VI-lea s\u0103pt\u0103m\u00e2na trecut\u0103, \u00een marja unei vizite la militarii desf\u0103\u015fura\u0163i \u00een zonele afectate.<\/p>\n<p>La 3 noiembrie, la cinci zile dup\u0103 catastrof\u0103, Felipe al VI-lea \u015fi Letizia au vizitat deja Paiporta, satul considerat epicentrul tragediei, \u00eenso\u0163i\u0163i de premierul socialist Pedro S\u00e1nchez \u015fi de \u015feful executivului regional Carlos Maz\u00f3n (Partidul Popular, dreapta). Dar situa\u0163ia la fa\u0163a locului a sc\u0103pat rapid de sub control, manifestan\u0163ii huiduind alaiul oficial, care a fost \u00eent\u00e2mpinat cu strig\u0103te de \u201ecriminali\u201d, \u00een timp ce nemul\u0163umi\u0163ii au aruncat cu pietre \u015fi noroi, \u00eentr-o secven\u0163\u0103 haotic\u0103 ale c\u0103rei imagini au fost difuzate \u00een \u00eentreaga lume.<\/p>\n<p>Tensiunea i-a for\u0163at pe S\u00e1nchez \u015fi apoi pe Maz\u00f3n, principalele \u0163inte ale acestei explozii de furie, s\u0103 plece. Doar cuplul regal a r\u0103mas, cu hainele \u015fi chipurile murdare de noroi, pentru a schimba c\u00e2teva cuvinte cu localnicii, proteja\u0163i de g\u0103rzile lor de corp. A doua parte a vizitei, programat\u0103 la Chiva, un ora\u015f de 17.000 de locuitori situat la aproximativ 40 de kilometri de Valencia, a trebuit s\u0103 fie anulat\u0103. Casa regal\u0103 a promis \u00eens\u0103 c\u0103 Felipe al VI-lea \u015fi Letizia se vor \u00eentoarce rapid.<\/p>\n<p>\u201eAr fi trebuit s\u0103 vin\u0103 mai devreme\u201d, a declarat mar\u0163i pentru o agen\u021bie interna\u021bional\u0103 de pres\u0103 Javier Dom\u00ednguez, un locuitor \u00een v\u00e2rst\u0103 de 56 de ani din Chiva, care nu uit\u0103 \u00eens\u0103 c\u0103 suveranii \u201enu pot face mare lucru\u201d pentru victime.<\/p>\n<p>Prin aceast\u0103 nou\u0103 deplasare, suveranii sper\u0103 \u201e\u00een primul r\u00e2nd s\u0103 \u00ee\u015fi \u0163in\u0103 promisiunea\u201d, subliniaz\u0103 Vicente Garrido, profesor de drept constitu\u0163ional la Universitatea din Valencia. El crede, de asemenea, c\u0103 atmosfera este acum mai favorabil unei astfel de vizite. \u201eAst\u0103zi, cred c\u0103 lucrurile s-au calmat, \u00een ciuda durerii enorme\u201d care este \u00eenc\u0103 prezent\u0103, spune universitarul, care crede c\u0103 o nou\u0103 izbucnire a violen\u0163ei este pu\u0163in probabil\u0103.<\/p>","protected":false},"excerpt":{"rendered":"<p>Potrivit presei spaniole, regele \u015fi regina urmeaz\u0103 s\u0103 viziteze trei dintre satele cele mai afectate&hellip;<\/p>\n","protected":false},"author":0,"featured_media":8711,"comment_status":"open","ping_status":"open","sticky":false,"template":"","format":"standard","meta":{"footnotes":""},"categories":[2],"tags":[],"class_list":["post-8715","post","type-post","status-publish","format-standard","has-post-thumbnail","hentry","category-actual"],"_links":{"self":[{"href":"https:\/\/247stiri.ro\/index.php\/wp-json\/wp\/v2\/posts\/8715","targetHints":{"allow":["GET"]}}],"collection":[{"href":"https:\/\/247stiri.ro\/index.php\/wp-json\/wp\/v2\/posts"}],"about":[{"href":"https:\/\/247stiri.ro\/index.php\/wp-json\/wp\/v2\/types\/post"}],"replies":[{"embeddable":true,"href":"https:\/\/247stiri.ro\/index.php\/wp-json\/wp\/v2\/comments?post=8715"}],"version-history":[{"count":0,"href":"https:\/\/247stiri.ro\/index.php\/wp-json\/wp\/v2\/posts\/8715\/revisions"}],"wp:featuredmedia":[{"embeddable":true,"href":"https:\/\/247stiri.ro\/index.php\/wp-json\/wp\/v2\/media\/8711"}],"wp:attachment":[{"href":"https:\/\/247stiri.ro\/index.php\/wp-json\/wp\/v2\/media?parent=8715"}],"wp:term":[{"taxonomy":"category","embeddable":true,"href":"https:\/\/247stiri.ro\/index.php\/wp-json\/wp\/v2\/categories?post=8715"},{"taxonomy":"post_tag","embeddable":true,"href":"https:\/\/247stiri.ro\/index.php\/wp-json\/wp\/v2\/tags?post=8715"}],"curies":[{"name":"wp","href":"https:\/\/api.w.org\/{rel}","templated":true}]}}