{"id":8718,"date":"2024-11-19T12:45:14","date_gmt":"2024-11-19T12:45:14","guid":{"rendered":"https:\/\/247stiri.ro\/index.php\/2024\/11\/19\/aeroportul-sibiu-intarziere-de-peste-4-ore-la-cursa-lufthansa-munchen-din-cauza-unei-defectiuni-la-autospeciala-destinata-operatiunilor-de-degivrare\/"},"modified":"2024-11-19T12:45:14","modified_gmt":"2024-11-19T12:45:14","slug":"aeroportul-sibiu-intarziere-de-peste-4-ore-la-cursa-lufthansa-munchen-din-cauza-unei-defectiuni-la-autospeciala-destinata-operatiunilor-de-degivrare","status":"publish","type":"post","link":"https:\/\/247stiri.ro\/index.php\/2024\/11\/19\/aeroportul-sibiu-intarziere-de-peste-4-ore-la-cursa-lufthansa-munchen-din-cauza-unei-defectiuni-la-autospeciala-destinata-operatiunilor-de-degivrare\/","title":{"rendered":"Aeroportul Sibiu: \u00ceNT\u00c2RZIERE de peste 4 ore la cursa Lufthansa-Munchen din cauza unei DEFEC\u021aIUNI la autospeciala destinat\u0103 opera\u0163iunilor de degivrare"},"content":{"rendered":"<p>\u201d\u00cent\u00e2rzierea cursei Lufthansa c\u0103tre Munchen din diminea\u0163a zilei de 19 noiembrie 2024 a fost cauzat\u0103 de o defec\u0163iune tehnic\u0103 ap\u0103rut\u0103 la autospeciala destinat\u0103 opera\u0163iunilor de degivrare. \u00cen timpul testelor efectuate \u00een cursul nop\u0163ii, echipamentul a func\u0163ionat \u00een parametri optimi, \u00eens\u0103 \u00een aceast\u0103 diminea\u0163\u0103 a ap\u0103rut o eroare la sistemul de \u00eenc\u0103lzire a lichidului degivrant\u201d, a transmis, mar\u0163i, Aeroportul Sibiu.<\/p>\n<p>Potrivit oficialilor institu\u0163iei, echipa tehnic\u0103 a intervenit \u015fi la ora transmiterii acestei \u015ftiri sunt \u00een desf\u0103\u015furare activit\u0103\u0163i de mentenan\u0163\u0103 corectiv\u0103 pentru repunerea \u00een func\u0163iune a acestui echipament.<\/p>\n<p>\u201dRegret\u0103m disconfortul cauzat pasagerilor \u015fi asigur\u0103m publicul c\u0103 siguran\u0163a opera\u0163iunilor r\u0103m\u00e2ne prioritatea noastr\u0103 principal\u0103. Zborul Lufthansa a decolat la ora 10:33 \u2013 ora ini\u0163ial programat\u0103 fiind 06:05. Preciz\u0103m c\u0103 nu au fost \u00eenregistrate alte \u00eent\u00e2rzieri din aceast\u0103 cauz\u0103\u201d, au mai transmis oficialii aeroportului.<\/p>","protected":false},"excerpt":{"rendered":"<p>\u201d\u00cent\u00e2rzierea cursei Lufthansa c\u0103tre Munchen din diminea\u0163a zilei de 19 noiembrie 2024 a fost cauzat\u0103&hellip;<\/p>\n","protected":false},"author":0,"featured_media":8719,"comment_status":"open","ping_status":"open","sticky":false,"template":"","format":"standard","meta":{"footnotes":""},"categories":[2],"tags":[],"class_list":["post-8718","post","type-post","status-publish","format-standard","has-post-thumbnail","hentry","category-actual"],"_links":{"self":[{"href":"https:\/\/247stiri.ro\/index.php\/wp-json\/wp\/v2\/posts\/8718","targetHints":{"allow":["GET"]}}],"collection":[{"href":"https:\/\/247stiri.ro\/index.php\/wp-json\/wp\/v2\/posts"}],"about":[{"href":"https:\/\/247stiri.ro\/index.php\/wp-json\/wp\/v2\/types\/post"}],"replies":[{"embeddable":true,"href":"https:\/\/247stiri.ro\/index.php\/wp-json\/wp\/v2\/comments?post=8718"}],"version-history":[{"count":0,"href":"https:\/\/247stiri.ro\/index.php\/wp-json\/wp\/v2\/posts\/8718\/revisions"}],"wp:featuredmedia":[{"embeddable":true,"href":"https:\/\/247stiri.ro\/index.php\/wp-json\/wp\/v2\/media\/8719"}],"wp:attachment":[{"href":"https:\/\/247stiri.ro\/index.php\/wp-json\/wp\/v2\/media?parent=8718"}],"wp:term":[{"taxonomy":"category","embeddable":true,"href":"https:\/\/247stiri.ro\/index.php\/wp-json\/wp\/v2\/categories?post=8718"},{"taxonomy":"post_tag","embeddable":true,"href":"https:\/\/247stiri.ro\/index.php\/wp-json\/wp\/v2\/tags?post=8718"}],"curies":[{"name":"wp","href":"https:\/\/api.w.org\/{rel}","templated":true}]}}