{"id":880,"date":"2024-10-22T12:50:11","date_gmt":"2024-10-22T12:50:11","guid":{"rendered":"https:\/\/247stiri.ro\/index.php\/2024\/10\/22\/scandal-politic-major-in-franta-un-deputat-a-fost-prins-cu-droguri-folosite-la-petreceri-sexuale\/"},"modified":"2024-10-22T12:50:11","modified_gmt":"2024-10-22T12:50:11","slug":"scandal-politic-major-in-franta-un-deputat-a-fost-prins-cu-droguri-folosite-la-petreceri-sexuale","status":"publish","type":"post","link":"https:\/\/247stiri.ro\/index.php\/2024\/10\/22\/scandal-politic-major-in-franta-un-deputat-a-fost-prins-cu-droguri-folosite-la-petreceri-sexuale\/","title":{"rendered":"Scandal politic major \u00een Fran\u021ba. Un deputat a fost prins cu droguri folosite la petreceri sexuale"},"content":{"rendered":"<p>Andy Kerbrat, \u00een v\u00e2rst\u0103 de 34 de ani este un deputat care face parte din partidul st\u00e2ngii radicale &#8222;Fran\u021ba Rebel\u0103&#8221;. Acesta a povestit pe re\u021belele sociale cum a fost prins cu droguri \u00een timpul unui control de rutin\u0103.<\/p>\n<p>Politicianul \u0219i-a asumat vina \u00een totalitate \u0219i a transmis c\u0103 totul s-ar fi \u00eent\u00e2mplat din cauza unor probleme personale.<\/p>\n<p>&#8222;Am recunoscut imediat acuza\u021biile aduse \u00eempotriva mea \u0219i m-am prezentat a doua zi la sec\u021bia de poli\u021bie pentru o audiere. \u00cemi asum \u00eentreaga responsabilitate pentru ac\u021biunile mele \u0219i sunt acum la dispozi\u021bia organelor de anchet\u0103&#8221;, a ad\u0103ugat politicianul pe platforma X.<\/p>\n<p>Potrivit autorit\u0103\u021bilor, deputatul avea asupra lui metafedron\u0103, drogul care este consumat \u00een r\u00e2ndul petrecerilor sexuale. Drogul este un \u00eenlocuitor al cocainei prin simplul fapt c\u0103 are efecte similare \u0219i este foarte popular \u00een r\u00e2ndul tinerilor.<\/p>\n<p>Deputatul a asigurat aleg\u0103torii c\u0103 va face tot posibilul pentru a \u00eenvinge dependen\u021ba \u0219i va urma un tratament de detoxifiere pentru a-\u0219i putea relua activitatea parlamentar\u0103.\u00a0<\/p>\n<p>\u00a0<\/p>","protected":false},"excerpt":{"rendered":"<p>Andy Kerbrat, \u00een v\u00e2rst\u0103 de 34 de ani este un deputat care face parte din&hellip;<\/p>\n","protected":false},"author":0,"featured_media":881,"comment_status":"open","ping_status":"open","sticky":false,"template":"","format":"standard","meta":{"footnotes":""},"categories":[2],"tags":[],"class_list":["post-880","post","type-post","status-publish","format-standard","has-post-thumbnail","hentry","category-actual"],"_links":{"self":[{"href":"https:\/\/247stiri.ro\/index.php\/wp-json\/wp\/v2\/posts\/880","targetHints":{"allow":["GET"]}}],"collection":[{"href":"https:\/\/247stiri.ro\/index.php\/wp-json\/wp\/v2\/posts"}],"about":[{"href":"https:\/\/247stiri.ro\/index.php\/wp-json\/wp\/v2\/types\/post"}],"replies":[{"embeddable":true,"href":"https:\/\/247stiri.ro\/index.php\/wp-json\/wp\/v2\/comments?post=880"}],"version-history":[{"count":0,"href":"https:\/\/247stiri.ro\/index.php\/wp-json\/wp\/v2\/posts\/880\/revisions"}],"wp:featuredmedia":[{"embeddable":true,"href":"https:\/\/247stiri.ro\/index.php\/wp-json\/wp\/v2\/media\/881"}],"wp:attachment":[{"href":"https:\/\/247stiri.ro\/index.php\/wp-json\/wp\/v2\/media?parent=880"}],"wp:term":[{"taxonomy":"category","embeddable":true,"href":"https:\/\/247stiri.ro\/index.php\/wp-json\/wp\/v2\/categories?post=880"},{"taxonomy":"post_tag","embeddable":true,"href":"https:\/\/247stiri.ro\/index.php\/wp-json\/wp\/v2\/tags?post=880"}],"curies":[{"name":"wp","href":"https:\/\/api.w.org\/{rel}","templated":true}]}}