{"id":8812,"date":"2024-11-19T15:46:47","date_gmt":"2024-11-19T15:46:47","guid":{"rendered":"https:\/\/247stiri.ro\/index.php\/2024\/11\/19\/elena-lasconi-un-candidat-mai-nepregatit-si-decat-viorica-dancila\/"},"modified":"2024-11-19T15:46:47","modified_gmt":"2024-11-19T15:46:47","slug":"elena-lasconi-un-candidat-mai-nepregatit-si-decat-viorica-dancila","status":"publish","type":"post","link":"https:\/\/247stiri.ro\/index.php\/2024\/11\/19\/elena-lasconi-un-candidat-mai-nepregatit-si-decat-viorica-dancila\/","title":{"rendered":"Elena Lasconi: un candidat mai nepreg\u0103tit \u0219i dec\u00e2t Viorica D\u0103ncil\u0103"},"content":{"rendered":"<p>\u00cen ultimele dou\u0103 luni a \u00a0demonstrat c\u0103 nu \u00een\u021belege complexitatea func\u021biei preziden\u021biale, nu are nici m\u0103car cuno\u0219tin\u021be elementare de politic\u0103 extern\u0103 \u0219i func\u021bionare a institu\u021biilor statului.\u00a0<\/p>\n<p>Chiar \u0219i \u00een compara\u021bie cu candida\u021bi din trecut celebri pentru gafele \u0219i lipsa lor de preg\u0103tire, cum a fost Viorica D\u0103ncil\u0103, Elena Lasconi las\u0103 mult de dorit. D\u0103ncil\u0103, de\u0219i criticat\u0103 pe larg pentru gafele sale \u0219i pentru o perceput\u0103 lips\u0103 de competen\u021b\u0103, a reu\u0219it s\u0103 evite gafele majore pe teme de politic\u0103 extern\u0103 \u0219i no\u021biuni elementare de func\u021bionare a statului. \u00cen schimb, Lasconi se rezum\u0103 la discursuri emo\u021bionale, punctate de gafe inacceptabile pentru un candidat la cea mai \u00eenalt\u0103 func\u021bie \u00een stat.\u00a0<\/p>\n<p>Un alt punct slab al candidaturii Elenei Lasconi este incapacitatea de a face fa\u021b\u0103 presiunii campaniei electorale. Gafele sale constante, combinate cu tendin\u021ba de a se victimiza \u0219i de a acuza conspira\u021bii absurde, au transformat-o \u00eentr-o figur\u0103 greu de luat \u00een serios. Recent, Lasconi a acuzat c\u0103 este urm\u0103rit\u0103 \u0219i amenin\u021bat\u0103, o declara\u021bie care a ridicat mai multe semne de \u00eentrebare dec\u00e2t a generat empatie. \u00cen ciuda gafelor publice, Viorica D\u0103ncil\u0103 a reu\u0219it s\u0103 p\u0103streze un ton calm \u0219i s\u0103 evite conflictele deschise cu colaboratorii s\u0103i. Elena Lasconi, \u00een schimb, a fost recent criticat\u0103 pentru izbucniri nervoase \u00een rela\u021biile cu colegii s\u0103i de partid \u0219i colaboratorii. Acuza\u021biile de paranoia \u0219i mania persecu\u021biei, cum ar fi presupunerea c\u0103 este urm\u0103rit\u0103 sau amenin\u021bat\u0103, ridic\u0103 semne de \u00eentrebare privind capacitatea sa de a rezista presiunii unei func\u021bii de pre\u0219edinte.<\/p>\n<p>Acest tip de comportament contrasteaz\u0103 puternic chiar \u0219i cu D\u0103ncil\u0103, care, \u00een ciuda tuturor criticilor, a avut o campanie preziden\u021bial\u0103 relativ decent\u0103 \u0219i structurat. Spre deosebire de Lasconi, D\u0103ncil\u0103 a reu\u0219it s\u0103 nu se fac\u0103 de r\u00e2s \u00een campanie \u0219i s\u0103-\u0219i \u0219ocheze apropia\u021bii, partidul \u0219i sus\u021bin\u0103torii prin lipsa de preg\u0103tire \u0219i incapacitatea de a \u00eenv\u0103\u021ba \u0219i de a se adapta cerin\u021belor unei campanii pentru cea mai \u00eenalt\u0103 func\u021bie \u00een statul rom\u00e2n.<\/p>\n<p>\u00cen timp ce D\u0103ncil\u0103 a ar\u0103tat o minim\u0103 \u00een\u021belegere a ceea ce implic\u0103 pozi\u021biile de conducere, Lasconi pare cople\u0219it\u0103 de provoc\u0103rile unei campanii na\u021bionale \u0219i de presiunea public\u0103.Aceast\u0103 compara\u021bie nu este doar incomod\u0103, ci \u0219i un semnal de alarm\u0103 pentru USR \u0219i electoratul s\u0103u, care se a\u0219teapt\u0103 la mai mult dec\u00e2t promisiuni \u0219i scandaluri \u00een loc de solu\u021bii concrete \u0219i leadership adev\u0103rat.<\/p>\n<p>Aleg\u0103torii sunt tot mai con\u0219tien\u021bi de faptul c\u0103 Rom\u00e2nia are nevoie de un lider capabil s\u0103 gestioneze provoc\u0103rile complexe ale viitorului, iar Elena Lasconi reprezint\u0103 o crunt\u0103 dezam\u0103gire pentru publicul care a\u0219tepta mai mult de la un lider care se declar\u0103 de dreapta.<\/p>\n<p><a title=\"Elena Lasconi, o noua gafa de proportii. Nu stie ce este si daca a fost activat vreodata Articolul 5 din NATO\" href=\"https:\/\/www.realitatea.net\/stiri\/actual\/elena-lasconi-o-noua-gafa-de-proportii-nu-stie-ce-este-si-daca-a-fost-activat-vreodata-articolul-5-din-nato_673b8f7339ef2f3ff1551b3f\">Elena Lasconi, o nou\u0103 gaf\u0103 de propor\u021bii. Nu \u0219tie ce este \u0219i dac\u0103 a fost activat vreodat\u0103 Articolul 5 din NATO<\/a><\/p>","protected":false},"excerpt":{"rendered":"<p>\u00cen ultimele dou\u0103 luni a \u00a0demonstrat c\u0103 nu \u00een\u021belege complexitatea func\u021biei preziden\u021biale, nu are nici&hellip;<\/p>\n","protected":false},"author":0,"featured_media":8799,"comment_status":"open","ping_status":"open","sticky":false,"template":"","format":"standard","meta":{"footnotes":""},"categories":[2],"tags":[],"class_list":["post-8812","post","type-post","status-publish","format-standard","has-post-thumbnail","hentry","category-actual"],"_links":{"self":[{"href":"https:\/\/247stiri.ro\/index.php\/wp-json\/wp\/v2\/posts\/8812","targetHints":{"allow":["GET"]}}],"collection":[{"href":"https:\/\/247stiri.ro\/index.php\/wp-json\/wp\/v2\/posts"}],"about":[{"href":"https:\/\/247stiri.ro\/index.php\/wp-json\/wp\/v2\/types\/post"}],"replies":[{"embeddable":true,"href":"https:\/\/247stiri.ro\/index.php\/wp-json\/wp\/v2\/comments?post=8812"}],"version-history":[{"count":0,"href":"https:\/\/247stiri.ro\/index.php\/wp-json\/wp\/v2\/posts\/8812\/revisions"}],"wp:featuredmedia":[{"embeddable":true,"href":"https:\/\/247stiri.ro\/index.php\/wp-json\/wp\/v2\/media\/8799"}],"wp:attachment":[{"href":"https:\/\/247stiri.ro\/index.php\/wp-json\/wp\/v2\/media?parent=8812"}],"wp:term":[{"taxonomy":"category","embeddable":true,"href":"https:\/\/247stiri.ro\/index.php\/wp-json\/wp\/v2\/categories?post=8812"},{"taxonomy":"post_tag","embeddable":true,"href":"https:\/\/247stiri.ro\/index.php\/wp-json\/wp\/v2\/tags?post=8812"}],"curies":[{"name":"wp","href":"https:\/\/api.w.org\/{rel}","templated":true}]}}