{"id":8813,"date":"2024-11-19T15:46:47","date_gmt":"2024-11-19T15:46:47","guid":{"rendered":"https:\/\/247stiri.ro\/index.php\/2024\/11\/19\/diana-sosoaca-a-rabufnit-cu-cateva-zile-inainte-de-alegeri-eu-nu-sunt-o-fetita-cuminte-eu-sunt-o-fetita-rea\/"},"modified":"2024-11-19T15:46:47","modified_gmt":"2024-11-19T15:46:47","slug":"diana-sosoaca-a-rabufnit-cu-cateva-zile-inainte-de-alegeri-eu-nu-sunt-o-fetita-cuminte-eu-sunt-o-fetita-rea","status":"publish","type":"post","link":"https:\/\/247stiri.ro\/index.php\/2024\/11\/19\/diana-sosoaca-a-rabufnit-cu-cateva-zile-inainte-de-alegeri-eu-nu-sunt-o-fetita-cuminte-eu-sunt-o-fetita-rea\/","title":{"rendered":"Diana \u0218o\u0219oac\u0103 a r\u0103bufnit cu c\u00e2teva zile \u00eenainte de alegeri: Eu nu sunt o FETI\u021a\u0102 cuminte. Eu sunt o feti\u021b\u0103 REA!"},"content":{"rendered":"<p>\u00centrebat\u0103 dac\u0103 nu se teme c\u0103 voturile pe care ar fi urmat s\u0103 le ob\u021bin\u0103 ea, dac\u0103 ar fi candidat, se vor duce la George Simion, Diana \u0218o\u0219oac\u0103 a afirmat c\u0103 acest lucru nu se va \u00eent\u00e2mpla.<\/p>\n<p>&#8222;Niciodat\u0103 nu vor vota alt om dec\u00e2t Diana Iovanovici \u0218o\u0219oac\u0103, singurul om eliminat din curs\u0103 pentru c\u0103 nu face parte din sistem. Voturile, chiar \u0219i anulate, nu se duc niciodat\u0103 c\u0103tre un alt reprezentant, nici m\u0103car la alegerile parlamentare voturile anulate nu se duc c\u0103tre un alt partid, dar la un anumit procent de voturi anulate se anuleaz\u0103 alegerile preziden\u021biale&#8221;.<\/p>\n<p><a href=\"https:\/\/www.realitatea.net\/stiri\/actual\/bomba-momentului-diana-sosoaca-vrea-suspendarea-alegerilor-prezidentiale-lovitura-in-saptamana-votului_673c78bd0dd3a42a7f1c776f\" target=\"_blank\">Bomba momentului: Diana \u0218o\u0219oac\u0103 vrea SUSPENDAREA alegerilor preziden\u021biale &#8211; LOVITUR\u0102 \u00een s\u0103pt\u0103m\u00e2na votului<\/a><\/p>\n<p>\u00centrebat\u0103 dac\u0103 va a\u0219teapt\u0103 lini\u0219tit\u0103 data de 21 noiembrie, c\u00e2nd CCR \u0219i BEC ar urma s\u0103 dea un r\u0103spuns solicit\u0103rii sale de suspendare a alegerilor preziden\u021biale, europarlamentara SOS a precizat c\u0103 va ini\u021bia alte demersuri \u00een cascad\u0103.<\/p>\n<p>&#8222;Vom ini\u021bia alte \u0219i alte ac\u021biuni. Eu nu sunt p feti\u021b\u0103 cuminte. Eu sunt o feti\u021b\u0103 foarte REA cu sistemul&#8221;, a a firmat \u0218o\u0219oac\u0103, \u00een exclusivitate la Realitatea Plus.<\/p>","protected":false},"excerpt":{"rendered":"<p>\u00centrebat\u0103 dac\u0103 nu se teme c\u0103 voturile pe care ar fi urmat s\u0103 le ob\u021bin\u0103&hellip;<\/p>\n","protected":false},"author":0,"featured_media":8801,"comment_status":"open","ping_status":"open","sticky":false,"template":"","format":"standard","meta":{"footnotes":""},"categories":[2],"tags":[],"class_list":["post-8813","post","type-post","status-publish","format-standard","has-post-thumbnail","hentry","category-actual"],"_links":{"self":[{"href":"https:\/\/247stiri.ro\/index.php\/wp-json\/wp\/v2\/posts\/8813","targetHints":{"allow":["GET"]}}],"collection":[{"href":"https:\/\/247stiri.ro\/index.php\/wp-json\/wp\/v2\/posts"}],"about":[{"href":"https:\/\/247stiri.ro\/index.php\/wp-json\/wp\/v2\/types\/post"}],"replies":[{"embeddable":true,"href":"https:\/\/247stiri.ro\/index.php\/wp-json\/wp\/v2\/comments?post=8813"}],"version-history":[{"count":0,"href":"https:\/\/247stiri.ro\/index.php\/wp-json\/wp\/v2\/posts\/8813\/revisions"}],"wp:featuredmedia":[{"embeddable":true,"href":"https:\/\/247stiri.ro\/index.php\/wp-json\/wp\/v2\/media\/8801"}],"wp:attachment":[{"href":"https:\/\/247stiri.ro\/index.php\/wp-json\/wp\/v2\/media?parent=8813"}],"wp:term":[{"taxonomy":"category","embeddable":true,"href":"https:\/\/247stiri.ro\/index.php\/wp-json\/wp\/v2\/categories?post=8813"},{"taxonomy":"post_tag","embeddable":true,"href":"https:\/\/247stiri.ro\/index.php\/wp-json\/wp\/v2\/tags?post=8813"}],"curies":[{"name":"wp","href":"https:\/\/api.w.org\/{rel}","templated":true}]}}