{"id":8821,"date":"2024-11-19T16:49:01","date_gmt":"2024-11-19T16:49:01","guid":{"rendered":"https:\/\/247stiri.ro\/index.php\/2024\/11\/19\/povestea-cristinei-tanara-pe-care-silviu-prigoana-a-dorit-sa-o-infieze-imi-spunea-mereu-ca-ar-vrea-sa-locuiesc-cu-el-ca-nu-trebuie-sa-mi-schimb-numele\/"},"modified":"2024-11-19T16:49:01","modified_gmt":"2024-11-19T16:49:01","slug":"povestea-cristinei-tanara-pe-care-silviu-prigoana-a-dorit-sa-o-infieze-imi-spunea-mereu-ca-ar-vrea-sa-locuiesc-cu-el-ca-nu-trebuie-sa-mi-schimb-numele","status":"publish","type":"post","link":"https:\/\/247stiri.ro\/index.php\/2024\/11\/19\/povestea-cristinei-tanara-pe-care-silviu-prigoana-a-dorit-sa-o-infieze-imi-spunea-mereu-ca-ar-vrea-sa-locuiesc-cu-el-ca-nu-trebuie-sa-mi-schimb-numele\/","title":{"rendered":"Povestea Cristinei. T\u00e2n\u0103ra pe care Silviu Prigoan\u0103 a dorit s\u0103 o \u00eenfieze: \u201e\u00cemi spunea mereu c\u0103 ar vrea s\u0103 locuiesc cu el, c\u0103 nu trebuie s\u0103-mi schimb numele\u201d"},"content":{"rendered":"<p>Nepoata sa, Cristina Prigoan\u0103, a oferit un interviu \u00een care a vorbit despre rela\u021bia complicat\u0103 pe care o avea cu unchiul s\u0103u, dar \u0219i despre momente mai pu\u021bin cunoscute din via\u021ba acestuia.<\/p>\n<p>O familie marcat\u0103 de tensiuni \u0219i secrete<\/p>\n<p>Potrivit Cristinei, <a href=\"https:\/\/www.realitatea.net\/stiri\/actual\/finii-lui-silviu-prigoana-devastati-de-moartea-acestuia-ne-vedeam-de-doua-ori-pe-luna-cu-nasul-nostru-a-fost-cu-adevarat-un-parinte-spiritual_673c2ea90a8ff328117888d8\" target=\"_blank\">rela\u021biile dintre Silviu \u0219i ceilal\u021bi membri<\/a> ai familiei erau tensionate de mai mul\u021bi ani. Chiar \u0219i \u00een momentul mor\u021bii sale, familia lui nu a fost informat\u0103 de \u00eenmorm\u00e2ntare, iar acest gest a accentuat distan\u021ba deja existent\u0103 \u00eentre fra\u021bii \u0219i rudele sale. Cristina a explicat c\u0103 fiii lui Silviu au organizat \u00eenmorm\u00e2ntarea f\u0103r\u0103 a consulta sau a anun\u021ba restul familiei, ceea ce a amplificat conflictul latent din cadrul acesteia.<\/p>\n<p>\u201eRela\u021biile din familie erau complicate de mai mult timp. Eu nu am avut o rela\u021bie apropiat\u0103 cu unchiul meu \u00een ultimii ani, dar nu \u0219tiu s\u0103 fi existat certuri directe \u00eentre tat\u0103l meu \u0219i Silviu. Totu\u0219i, \u00een urma mor\u021bii bunicului meu, conflictul s-a agravat, dar nu am discutat niciodat\u0103 aceste probleme public,\u201d a povestit Cristina \u00een cadrul unui post TV.<\/p>\n<p>De\u0219i rela\u021bia lor s-a r\u0103cit pe parcursul anilor, Cristina \u00ee\u0219i aminte\u0219te cu afec\u021biune de momentele petrecute \u00een copil\u0103rie al\u0103turi de Silviu. Ea a m\u0103rturisit c\u0103, atunci c\u00e2nd era mic\u0103, unchiul ei \u00eei spunea adesea c\u0103 \u0219i-ar dori s\u0103 o \u00eenfieze, fiind foarte doritor de o feti\u021b\u0103. \u201e\u00cemi spunea mereu c\u0103 ar vrea s\u0103 locuiesc cu el, c\u0103 nu ar trebui s\u0103 \u00eemi schimb numele, doar s\u0103 vin la el. Dar nu am vrut niciodat\u0103 asta, pentru c\u0103 sunt singurul copil al p\u0103rin\u021bilor mei \u0219i am o rela\u021bie foarte apropiat\u0103 cu ei,\u201d a ad\u0103ugat Cristina.<\/p>\n<p>Mo\u0219tenirea lui Silviu Prigoan\u0103<\/p>\n<p>Una dintre cele mai mari rupturi din familia Prigoan\u0103 a avut loc dup\u0103 moartea tat\u0103lui lui Silviu, Vasile Prigoan\u0103. \u00cen urma acestei pierderi, Silviu a organizat \u00eenmorm\u00e2ntarea f\u0103r\u0103 a-i informa pe fra\u021bii s\u0103i, un gest care a st\u00e2rnit un scandal de amploare. Cu toate acestea, s-a aflat ulterior c\u0103 aceast\u0103 decizie ar fi fost conform dorin\u021bei exprimate chiar de Vasile Prigoan\u0103.<\/p>\n<p>\u201eDup\u0103 \u00eenmorm\u00e2ntarea bunicului, au ap\u0103rut conflicte mari \u00een familie. De\u0219i nu pot spune c\u0103 \u00eentre tat\u0103l meu \u0219i Silviu au existat certuri clare, lucrurile nu au mai fost la fel dup\u0103 acea perioad\u0103,\u201d a explicat Cristina.<\/p>\n<p>Via\u021ba privat\u0103 a unui om de afaceri public<\/p>\n<p>Silviu Prigoan\u0103 a fost o figur\u0103 controversat\u0103, dar \u0219i un om de afaceri de succes, cunoscut pentru implicarea sa \u00een diverse domenii, inclusiv \u00een cel al salubrit\u0103\u021bii. Chiar dac\u0103 imaginea sa public\u0103 a fost marcat\u0103 de scandaluri \u0219i conflicte, \u00een familia sa lucrurile nu au fost niciodat\u0103 discutate \u00een fa\u021ba presei. Cristina a subliniat c\u0103 familia lor nu a fost niciodat\u0103 deschis\u0103 c\u0103tre public cu privire la problemele interne, prefer\u00e2nd s\u0103 p\u0103streze discre\u021bia.<\/p>\n<p>\u201eNu ne-am dorit niciodat\u0103 s\u0103 expunem public ce se \u00eent\u00e2mpl\u0103 \u00een familia noastr\u0103. Chiar dac\u0103 unchiul meu a fost mereu \u00een centrul aten\u021biei, noi am ales s\u0103 r\u0103m\u00e2nem mai retra\u0219i,\u201d a spus Cristina.<\/p>\n<p><a href=\"https:\/\/www.realitatea.net\/stiri\/actual\/anca-alexandrescu-noi-dezvaluiri-incendiare-decizia-bomba-luata-de-familia-prigoana-ce-se-va-intampla-cu-averea-lui-silviu-prigoana_673b0e4220737977251c2602\" target=\"_blank\">Silviu Prigoan\u0103 a l\u0103sat<\/a> \u00een urma sa nu doar o avere considerabil\u0103, ci \u0219i o serie de controverse legate de activit\u0103\u021bile sale \u0219i de rela\u021biile din familie. \u00cen trecut, acesta a declarat c\u0103 de\u021bine aproximativ 347.000 de metri p\u0103tra\u021bi de terenuri \u0219i imobile, inclusiv propriet\u0103\u021bi importante \u00een afaceri \u0219i terenuri \u00een Rom\u00e2nia \u0219i \u00een str\u0103in\u0103tate. \u00cen plus, a fost asociat \u00een mai multe firme, iar afacerea sa de salubritate a fost una dintre cele mai importante surse de venituri.<\/p>","protected":false},"excerpt":{"rendered":"<p>Nepoata sa, Cristina Prigoan\u0103, a oferit un interviu \u00een care a vorbit despre rela\u021bia complicat\u0103&hellip;<\/p>\n","protected":false},"author":0,"featured_media":8822,"comment_status":"open","ping_status":"open","sticky":false,"template":"","format":"standard","meta":{"footnotes":""},"categories":[8],"tags":[],"class_list":["post-8821","post","type-post","status-publish","format-standard","has-post-thumbnail","hentry","category-lifestyle"],"_links":{"self":[{"href":"https:\/\/247stiri.ro\/index.php\/wp-json\/wp\/v2\/posts\/8821","targetHints":{"allow":["GET"]}}],"collection":[{"href":"https:\/\/247stiri.ro\/index.php\/wp-json\/wp\/v2\/posts"}],"about":[{"href":"https:\/\/247stiri.ro\/index.php\/wp-json\/wp\/v2\/types\/post"}],"replies":[{"embeddable":true,"href":"https:\/\/247stiri.ro\/index.php\/wp-json\/wp\/v2\/comments?post=8821"}],"version-history":[{"count":0,"href":"https:\/\/247stiri.ro\/index.php\/wp-json\/wp\/v2\/posts\/8821\/revisions"}],"wp:featuredmedia":[{"embeddable":true,"href":"https:\/\/247stiri.ro\/index.php\/wp-json\/wp\/v2\/media\/8822"}],"wp:attachment":[{"href":"https:\/\/247stiri.ro\/index.php\/wp-json\/wp\/v2\/media?parent=8821"}],"wp:term":[{"taxonomy":"category","embeddable":true,"href":"https:\/\/247stiri.ro\/index.php\/wp-json\/wp\/v2\/categories?post=8821"},{"taxonomy":"post_tag","embeddable":true,"href":"https:\/\/247stiri.ro\/index.php\/wp-json\/wp\/v2\/tags?post=8821"}],"curies":[{"name":"wp","href":"https:\/\/api.w.org\/{rel}","templated":true}]}}