{"id":8827,"date":"2024-11-19T16:49:03","date_gmt":"2024-11-19T16:49:03","guid":{"rendered":"https:\/\/247stiri.ro\/index.php\/2024\/11\/19\/un-nou-pas-spre-schengen-ministrul-catalin-predoiu-videoconferinta-cu-omologul-bulgar-ce-au-discutat-cei-doi-oficiali\/"},"modified":"2024-11-19T16:49:03","modified_gmt":"2024-11-19T16:49:03","slug":"un-nou-pas-spre-schengen-ministrul-catalin-predoiu-videoconferinta-cu-omologul-bulgar-ce-au-discutat-cei-doi-oficiali","status":"publish","type":"post","link":"https:\/\/247stiri.ro\/index.php\/2024\/11\/19\/un-nou-pas-spre-schengen-ministrul-catalin-predoiu-videoconferinta-cu-omologul-bulgar-ce-au-discutat-cei-doi-oficiali\/","title":{"rendered":"Un nou pas spre Schengen. Ministrul C\u0103t\u0103lin Predoiu, videoconferin\u0163\u0103 cu omologul bulgar. Ce au discutat cei doi oficiali"},"content":{"rendered":"<p>&#8222;Cei doi demnitari au f\u0103cut o trecere \u00een revist\u0103 a principalelor evolu\u0163ii \u00een dosarul Schengen \u015fi au analizat etapele urm\u0103toare \u00een leg\u0103tur\u0103 cu acest obiectiv, \u00een perspectiva apropiatei \u00eentrevederi de la Budapesta din data de 22 noiembrie a mini\u015ftrilor de Afaceri Interne din Rom\u00e2nia, Ungaria, Republica Bulgaria \u015fi Republica Austria&#8221;, informeaz\u0103 un comunicat al Ministerului Afacerilor Interne (MAI) transmis, mar\u0163i, Agerpres.Discu\u0163iile au relevat contribu\u0163ia Rom\u00e2niei \u015fi Bulgariei la asigurarea securit\u0103\u0163ii frontierelor externe ale UE, combaterea migra\u0163iei ilegale \u015fi a criminalit\u0103\u0163ii transfrontaliere.&#8221;Ambele discu\u0163ii, de ieri \u015fi de ast\u0103zi, cu omologii austriac \u015fi bulgar, Gerhard Karner \u015fi Atanas Ilkov, au fost foarte utile \u015fi constructive \u00een perspectiva dosarului Schengen. Am f\u0103cut progrese, dar dosarul este \u00eenc\u0103 \u00een lucru, nu exist\u0103 \u00eenc\u0103 o decizie luat\u0103. Voi discuta m\u00e2ine cu ministrul Sandor Pinter, tot \u00een preg\u0103tirea \u00eent\u00e2lnirii de la Budapesta. Sunt \u00een leg\u0103tur\u0103 cu to\u0163i ambasadorii statelor membre UE, acredita\u0163i la Bucure\u015fti, inclusiv cu ambasadorul olandez. Lucr\u0103m \u00een continuare, la maxim\u0103 capacitate, \u00eentreaga echip\u0103 de dosar a MAI, pentru realizarea obiectivului de \u0163ar\u0103 Schengen&#8221;, a declarat C\u0103t\u0103lin Predoiu.<\/p>\n<p><a title='Ciolacu, dupa discutii cu cancelarul Austriei: ,,Sunt sanse pentru integrare deplina in Schengen pana la sfarsitul anului\"' href=\"https:\/\/www.realitatea.net\/stiri\/actual\/ciolacu-dupa-discutii-cu-cancelarul-austriei-sunt-sanse-pentru-integrare-deplina-in-schengen-pana-la-sfarsitul-anului_673c92c9cceeaf7fe90161dd\">Ciolacu, dup\u0103 discu\u021bii cu cancelarul Austriei: \u201eSunt \u0219anse pentru integrare deplin\u0103 \u00een Schengen p\u00e2n\u0103 la sf\u00e2r\u0219itul anului\u201d<\/a><\/p>","protected":false},"excerpt":{"rendered":"<p>&#8222;Cei doi demnitari au f\u0103cut o trecere \u00een revist\u0103 a principalelor evolu\u0163ii \u00een dosarul Schengen&hellip;<\/p>\n","protected":false},"author":0,"featured_media":8828,"comment_status":"open","ping_status":"open","sticky":false,"template":"","format":"standard","meta":{"footnotes":""},"categories":[2],"tags":[],"class_list":["post-8827","post","type-post","status-publish","format-standard","has-post-thumbnail","hentry","category-actual"],"_links":{"self":[{"href":"https:\/\/247stiri.ro\/index.php\/wp-json\/wp\/v2\/posts\/8827","targetHints":{"allow":["GET"]}}],"collection":[{"href":"https:\/\/247stiri.ro\/index.php\/wp-json\/wp\/v2\/posts"}],"about":[{"href":"https:\/\/247stiri.ro\/index.php\/wp-json\/wp\/v2\/types\/post"}],"replies":[{"embeddable":true,"href":"https:\/\/247stiri.ro\/index.php\/wp-json\/wp\/v2\/comments?post=8827"}],"version-history":[{"count":0,"href":"https:\/\/247stiri.ro\/index.php\/wp-json\/wp\/v2\/posts\/8827\/revisions"}],"wp:featuredmedia":[{"embeddable":true,"href":"https:\/\/247stiri.ro\/index.php\/wp-json\/wp\/v2\/media\/8828"}],"wp:attachment":[{"href":"https:\/\/247stiri.ro\/index.php\/wp-json\/wp\/v2\/media?parent=8827"}],"wp:term":[{"taxonomy":"category","embeddable":true,"href":"https:\/\/247stiri.ro\/index.php\/wp-json\/wp\/v2\/categories?post=8827"},{"taxonomy":"post_tag","embeddable":true,"href":"https:\/\/247stiri.ro\/index.php\/wp-json\/wp\/v2\/tags?post=8827"}],"curies":[{"name":"wp","href":"https:\/\/api.w.org\/{rel}","templated":true}]}}