{"id":883,"date":"2024-10-22T12:50:11","date_gmt":"2024-10-22T12:50:11","guid":{"rendered":"https:\/\/247stiri.ro\/index.php\/2024\/10\/22\/george-simion-sunt-candidatul-care-are-una-dintre-cele-mai-mari-sanse-de-a-intra-in-turul-2\/"},"modified":"2024-10-22T12:50:11","modified_gmt":"2024-10-22T12:50:11","slug":"george-simion-sunt-candidatul-care-are-una-dintre-cele-mai-mari-sanse-de-a-intra-in-turul-2","status":"publish","type":"post","link":"https:\/\/247stiri.ro\/index.php\/2024\/10\/22\/george-simion-sunt-candidatul-care-are-una-dintre-cele-mai-mari-sanse-de-a-intra-in-turul-2\/","title":{"rendered":"George Simion: \u201eSunt candidatul care are una dintre cele mai mari \u0219anse de a intra \u00een turul 2\u201d"},"content":{"rendered":"<p>\u201eSa \u00eent\u00e2mplat un lucru la care nu ne-am fi a\u0219teptat niciodat\u0103: AUR este scos din sec\u021biile de vot pentru Diaspora printr-o tragere la sor\u021bi aranjat\u0103, contrafacut\u0103. Reprezentantul nostru a fost anun\u021bat cu jum\u0103tate de or\u0103 \u00eenainte ca ea s\u0103 aib\u0103 loc \u0219i reprezentantul AUR nu a participat la aceast\u0103 tragere la sor\u021bi.<\/p>\n<p>AUR este pe locul 1 \u00een preferin\u021bele rom\u00e2nilor din str\u0103in\u0103tate, iar lipsa unui reprezentant este un alt atac \u00eempotriva noastr\u0103. Sunt candidatul care are una dintre cele mai mari \u0219anse de a intra \u00een turul 2\u201d, a spus George Simion.<\/p>\n<p>\u201eEste anormal. Suntem reprezenta\u021bi la alegerile parlamentare \u0219i nu sunt admi\u0219i reprezentan\u021bii no\u0219tri \u00een Diaspora, acolo eu, ca si candidat, voi fi \u00een preferin\u021bele rom\u00e2nilor din str\u0103in\u0103tate \u0219i nu mi se pare corect, mi se pare o \u00eenc\u0103lcare grav\u0103 a legisla\u021biei electorale.<\/p>\n<p>Cu siguran\u021b\u0103 pot s\u0103 v\u0103 zic c\u0103 partidul AUR nu este pro rus, nici eu &#8211; George Simion &#8211; nu sunt pro rus \u0219i nici ei care ocup\u0103 primele pozi\u021bii la Camera Deputa\u021bilor \u0219i Senat. <\/p>\n<p>Nu ve\u021bi putea s\u0103 ne opri\u021bi, nu ne oprim \u0219i vom fi c\u00e2\u0219tig\u0103tori la aceste scrutine electorale din 2024. AUR \u0219i George Simion nu se opresc \u0219i nu pot fi opri\u021bi, nu se retrag \u0219i nu vor fi retra\u0219i\u201d, a mai spus liderul AUR.<\/p>\n<p>\u00a0<\/p>","protected":false},"excerpt":{"rendered":"<p>\u201eSa \u00eent\u00e2mplat un lucru la care nu ne-am fi a\u0219teptat niciodat\u0103: AUR este scos din&hellip;<\/p>\n","protected":false},"author":0,"featured_media":879,"comment_status":"open","ping_status":"open","sticky":false,"template":"","format":"standard","meta":{"footnotes":""},"categories":[2],"tags":[],"class_list":["post-883","post","type-post","status-publish","format-standard","has-post-thumbnail","hentry","category-actual"],"_links":{"self":[{"href":"https:\/\/247stiri.ro\/index.php\/wp-json\/wp\/v2\/posts\/883","targetHints":{"allow":["GET"]}}],"collection":[{"href":"https:\/\/247stiri.ro\/index.php\/wp-json\/wp\/v2\/posts"}],"about":[{"href":"https:\/\/247stiri.ro\/index.php\/wp-json\/wp\/v2\/types\/post"}],"replies":[{"embeddable":true,"href":"https:\/\/247stiri.ro\/index.php\/wp-json\/wp\/v2\/comments?post=883"}],"version-history":[{"count":0,"href":"https:\/\/247stiri.ro\/index.php\/wp-json\/wp\/v2\/posts\/883\/revisions"}],"wp:featuredmedia":[{"embeddable":true,"href":"https:\/\/247stiri.ro\/index.php\/wp-json\/wp\/v2\/media\/879"}],"wp:attachment":[{"href":"https:\/\/247stiri.ro\/index.php\/wp-json\/wp\/v2\/media?parent=883"}],"wp:term":[{"taxonomy":"category","embeddable":true,"href":"https:\/\/247stiri.ro\/index.php\/wp-json\/wp\/v2\/categories?post=883"},{"taxonomy":"post_tag","embeddable":true,"href":"https:\/\/247stiri.ro\/index.php\/wp-json\/wp\/v2\/tags?post=883"}],"curies":[{"name":"wp","href":"https:\/\/api.w.org\/{rel}","templated":true}]}}