{"id":8917,"date":"2024-11-19T21:45:20","date_gmt":"2024-11-19T21:45:20","guid":{"rendered":"https:\/\/247stiri.ro\/index.php\/2024\/11\/19\/cum-a-fost-surprinsa-anca-turcasiu-alaturi-de-iubitul-ei-ipostaze-tandre-din-vacanta\/"},"modified":"2024-11-19T21:45:20","modified_gmt":"2024-11-19T21:45:20","slug":"cum-a-fost-surprinsa-anca-turcasiu-alaturi-de-iubitul-ei-ipostaze-tandre-din-vacanta","status":"publish","type":"post","link":"https:\/\/247stiri.ro\/index.php\/2024\/11\/19\/cum-a-fost-surprinsa-anca-turcasiu-alaturi-de-iubitul-ei-ipostaze-tandre-din-vacanta\/","title":{"rendered":"Cum a fost surprins\u0103 Anca \u021aurca\u0219iu al\u0103turi de iubitul ei. Ipostaze tandre din vacan\u021b\u0103"},"content":{"rendered":"<p>Totu\u0219i, recent, artista a f\u0103cut un pas important \u0219i a ales s\u0103 \u00ee\u0219i \u00eemp\u0103rt\u0103\u0219easc\u0103 momentele de fericire al\u0103turi de partenerul ei, post\u00e2nd imagini \u0219i videoclipuri din vacan\u021ba lor.<\/p>\n<p><a href=\"https:\/\/www.realitatea.net\/stiri\/monden\/incredibil-cum-arata-anca-turcasiu-la-17-ani-imagini-inedite-cu-artista-din-vremea-adolescentei-zici-ca-aveai-30-de-ani_670d0697a34f0b0c982175a2\" target=\"_blank\">De\u0219i Anca<\/a> \u0219i iubitul ei sunt \u00eempreun\u0103 de mult timp, artista a preferat s\u0103 p\u0103streze discret\u0103 rela\u021bia lor pe re\u021belele de socializare. \u00cen ciuda acestui fapt, vacan\u021ba lor \u00een Abu Dhabi a fost un prilej pentru Anca \u021aurca\u0219iu s\u0103 \u00ee\u0219i exprime public fericirea, post\u00e2nd imagini \u00een care se arat\u0103 \u00eendr\u0103gosti\u021bi \u0219i ferici\u021bi. La bra\u021bul iubitului, artista radiaz\u0103 de fericire, iar acele momente pline de tandre\u021be au fost apreciate de fanii ei.<\/p>\n<p>\u201eSuntem prieteni de aproape 20 de ani \u0219i niciodat\u0103 nu ne-am fi g\u00e2ndit c\u0103 vom ajunge s\u0103 fim \u00eempreun\u0103. Am trecut prin diverse perioade \u00een via\u021b\u0103, am avut fiecare familia noastr\u0103, am trecut prin divor\u021buri, dar destinul ne-a adus \u00eempreun\u0103. Acum suntem un cuplu \u0219i ne complet\u0103m perfect\u201d, a m\u0103rturisit Anca \u021aurca\u0219iu \u00eentr-un interviu recent.<\/p>\n<p>\u00a0\u00a0\u00a0\u00a0\u00a0Vezi aceast\u0103 postare pe Instagram\u00a0\u00a0\u00a0\u00a0\u00a0\u00a0\u00a0\u00a0\u00a0\u00a0\u00a0<\/p>\n<p><a href=\"https:\/\/www.instagram.com\/reel\/DCW6RR-S5HI\/?utm_source=ig_embed&amp;utm_campaign=loading\" target=\"_blank\">O postare distribuit\u0103 de Anca Turcasiu (@ancaturcasiu)<\/a><\/p>\n<p>Anca \u021aurca\u0219iu, vacan\u021b\u0103 de vis al\u0103turi de iubit<\/p>\n<p>\u00cempreun\u0103, cei doi au petrecut o s\u0103pt\u0103m\u00e2n\u0103 \u00een capitala Emiratelor Arabe Unite, Abu Dhabi, vizit\u00e2nd diverse atrac\u021bii turistice \u0219i savur\u00e2nd soarele, plaja \u0219i preparatele tradi\u021bionale ale regiunii. \u00cen timpul vacan\u021bei, Anca \u0219i iubitul ei au surprins momente intime \u0219i pline de afec\u021biune, \u00eembr\u0103\u021bi\u0219a\u021bi \u0219i aproape s\u0103rut\u00e2ndu-se, iar aceste imagini au fost apreciate de fanii vedetei, care i-au felicitat pentru chimia dintre ei.<\/p>\n<p>Pe l\u00e2ng\u0103 momentele romantice, <a href=\"https:\/\/www.realitatea.net\/stiri\/monden\/anca-turcasiu-cea-mai-fericita-bunica-imagini-uluitoare_66d56b6da9db0909631a2f0f\" target=\"_blank\">Anca \u021aurca\u0219iu<\/a> a \u00eemp\u0103rt\u0103\u0219it \u0219i o alt\u0103 experien\u021b\u0103 deosebit\u0103 pe Instagram: \u00eent\u00e2lnirea cu un alt cuplu celebru, Codru\u021ba Filip \u0219i Valentin Sanfira. Cei patru s-au distrat \u00eempreun\u0103 \u0219i au s\u0103rb\u0103torit ziua de na\u0219tere a Codru\u021bei Filip, continu\u00e2nd vacan\u021ba cu mult\u0103 veselie.<\/p>\n<p>La finalul vacan\u021bei lor \u00een Abu Dhabi, Anca \u021aurca\u0219iu a dezv\u0103luit pe Instagram c\u0103 este deja entuziasmat\u0103 pentru urm\u0103toarea escapad\u0103, care va avea loc \u00een Filipine, unde va petrece dou\u0103 luni de vacan\u021b\u0103.<\/p>\n<p>\u00a0\u00a0\u00a0\u00a0\u00a0Vezi aceast\u0103 postare pe Instagram\u00a0\u00a0\u00a0\u00a0\u00a0\u00a0\u00a0\u00a0\u00a0\u00a0\u00a0<\/p>\n<p><a href=\"https:\/\/www.instagram.com\/p\/DCcgAX_oSoK\/?utm_source=ig_embed&amp;utm_campaign=loading\" target=\"_blank\">O postare distribuit\u0103 de Anca Turcasiu (@ancaturcasiu)<\/a><\/p>\n<p>\u00a0<\/p>","protected":false},"excerpt":{"rendered":"<p>Totu\u0219i, recent, artista a f\u0103cut un pas important \u0219i a ales s\u0103 \u00ee\u0219i \u00eemp\u0103rt\u0103\u0219easc\u0103 momentele&hellip;<\/p>\n","protected":false},"author":0,"featured_media":8918,"comment_status":"open","ping_status":"open","sticky":false,"template":"","format":"standard","meta":{"footnotes":""},"categories":[8],"tags":[],"class_list":["post-8917","post","type-post","status-publish","format-standard","has-post-thumbnail","hentry","category-lifestyle"],"_links":{"self":[{"href":"https:\/\/247stiri.ro\/index.php\/wp-json\/wp\/v2\/posts\/8917","targetHints":{"allow":["GET"]}}],"collection":[{"href":"https:\/\/247stiri.ro\/index.php\/wp-json\/wp\/v2\/posts"}],"about":[{"href":"https:\/\/247stiri.ro\/index.php\/wp-json\/wp\/v2\/types\/post"}],"replies":[{"embeddable":true,"href":"https:\/\/247stiri.ro\/index.php\/wp-json\/wp\/v2\/comments?post=8917"}],"version-history":[{"count":0,"href":"https:\/\/247stiri.ro\/index.php\/wp-json\/wp\/v2\/posts\/8917\/revisions"}],"wp:featuredmedia":[{"embeddable":true,"href":"https:\/\/247stiri.ro\/index.php\/wp-json\/wp\/v2\/media\/8918"}],"wp:attachment":[{"href":"https:\/\/247stiri.ro\/index.php\/wp-json\/wp\/v2\/media?parent=8917"}],"wp:term":[{"taxonomy":"category","embeddable":true,"href":"https:\/\/247stiri.ro\/index.php\/wp-json\/wp\/v2\/categories?post=8917"},{"taxonomy":"post_tag","embeddable":true,"href":"https:\/\/247stiri.ro\/index.php\/wp-json\/wp\/v2\/tags?post=8917"}],"curies":[{"name":"wp","href":"https:\/\/api.w.org\/{rel}","templated":true}]}}