{"id":8942,"date":"2024-11-19T22:47:44","date_gmt":"2024-11-19T22:47:44","guid":{"rendered":"https:\/\/247stiri.ro\/index.php\/2024\/11\/19\/ministrul-muncii-recunoaste-o-situatie-halucinanta-au-fost-situatii-in-care-posta-n-a-trimis-deciziile-de-recalculare-pentru-ca-nu-a-avut-plicuri\/"},"modified":"2024-11-19T22:47:44","modified_gmt":"2024-11-19T22:47:44","slug":"ministrul-muncii-recunoaste-o-situatie-halucinanta-au-fost-situatii-in-care-posta-n-a-trimis-deciziile-de-recalculare-pentru-ca-nu-a-avut-plicuri","status":"publish","type":"post","link":"https:\/\/247stiri.ro\/index.php\/2024\/11\/19\/ministrul-muncii-recunoaste-o-situatie-halucinanta-au-fost-situatii-in-care-posta-n-a-trimis-deciziile-de-recalculare-pentru-ca-nu-a-avut-plicuri\/","title":{"rendered":"Ministrul Muncii recunoa\u0219te o situa\u021bie halucinant\u0103. Au fost situa\u021bii \u00een care Po\u0219ta n-a trimis deciziile de recalculare pentru c\u0103 NU A AVUT PLICURI"},"content":{"rendered":"<p>\u00centrebat\u0103 despre o astfel de situa\u021bie punctual\u0103 din jude\u021bul Ia\u0219i, Simona Bucura Oprescu a afirmat c\u0103 &#8222;avem de la casele teritoriale de pensii astfel de inform\u0103ri&#8221;.<\/p>\n<p>Realizatoarea Anca Alexandrescu a insistat, reformul\u00e2nd \u0219i mai clar: &#8222;Adic\u0103 vre\u021bi s\u0103 spune\u021bi c\u0103 deciziile sunt la Po\u0219t\u0103 \u0219i nu sunt trimise pentru c\u0103 nu sunt plicuri?<\/p>\n<p>Simona Bucura Oprescu: Da. Ne-au fost semnalate \u0219i astfel de situa\u021bii.(&#8230;) Avem o conven\u021bie cu Po\u0219ta Rom\u00e2n\u0103 \u0219i plicurile sun pl\u0103tite&#8221;, a precizat ministrul Muncii.<\/p>\n<p>Georgeta Z\u0103rvescu, reprezentant\u0103 a pensionarilor prezent\u0103 \u00een platoul emisiunii Culisele Statului Paralel, a relatat c\u0103 a auzit \u0219i de situa\u021bii \u00een care s-au folosit plicuri mici de felicit\u0103ri pentru a putea expedia deciziile de recalculare, \u00een absen\u021ba celor standard, trimise de Ministerul Muncii,<\/p>","protected":false},"excerpt":{"rendered":"<p>\u00centrebat\u0103 despre o astfel de situa\u021bie punctual\u0103 din jude\u021bul Ia\u0219i, Simona Bucura Oprescu a afirmat&hellip;<\/p>\n","protected":false},"author":0,"featured_media":8943,"comment_status":"open","ping_status":"open","sticky":false,"template":"","format":"standard","meta":{"footnotes":""},"categories":[2],"tags":[],"class_list":["post-8942","post","type-post","status-publish","format-standard","has-post-thumbnail","hentry","category-actual"],"_links":{"self":[{"href":"https:\/\/247stiri.ro\/index.php\/wp-json\/wp\/v2\/posts\/8942","targetHints":{"allow":["GET"]}}],"collection":[{"href":"https:\/\/247stiri.ro\/index.php\/wp-json\/wp\/v2\/posts"}],"about":[{"href":"https:\/\/247stiri.ro\/index.php\/wp-json\/wp\/v2\/types\/post"}],"replies":[{"embeddable":true,"href":"https:\/\/247stiri.ro\/index.php\/wp-json\/wp\/v2\/comments?post=8942"}],"version-history":[{"count":0,"href":"https:\/\/247stiri.ro\/index.php\/wp-json\/wp\/v2\/posts\/8942\/revisions"}],"wp:featuredmedia":[{"embeddable":true,"href":"https:\/\/247stiri.ro\/index.php\/wp-json\/wp\/v2\/media\/8943"}],"wp:attachment":[{"href":"https:\/\/247stiri.ro\/index.php\/wp-json\/wp\/v2\/media?parent=8942"}],"wp:term":[{"taxonomy":"category","embeddable":true,"href":"https:\/\/247stiri.ro\/index.php\/wp-json\/wp\/v2\/categories?post=8942"},{"taxonomy":"post_tag","embeddable":true,"href":"https:\/\/247stiri.ro\/index.php\/wp-json\/wp\/v2\/tags?post=8942"}],"curies":[{"name":"wp","href":"https:\/\/api.w.org\/{rel}","templated":true}]}}