{"id":8982,"date":"2024-11-20T06:47:05","date_gmt":"2024-11-20T06:47:05","guid":{"rendered":"https:\/\/247stiri.ro\/index.php\/2024\/11\/20\/adrenalina-cu-riscuri-uriase-tineri-filmati-pe-capota-unei-masini-in-miscare-la-bacau-la-oradea-doi-adolescenti-s-au-agatat-de-un-tramvai-video\/"},"modified":"2024-11-20T06:47:05","modified_gmt":"2024-11-20T06:47:05","slug":"adrenalina-cu-riscuri-uriase-tineri-filmati-pe-capota-unei-masini-in-miscare-la-bacau-la-oradea-doi-adolescenti-s-au-agatat-de-un-tramvai-video","status":"publish","type":"post","link":"https:\/\/247stiri.ro\/index.php\/2024\/11\/20\/adrenalina-cu-riscuri-uriase-tineri-filmati-pe-capota-unei-masini-in-miscare-la-bacau-la-oradea-doi-adolescenti-s-au-agatat-de-un-tramvai-video\/","title":{"rendered":"Adrenalin\u0103, cu riscuri uria\u0219e. Tineri filma\u021bi pe capota unei ma\u0219ini \u00een mi\u0219care, la Bac\u0103u. La Oradea, doi adolescen\u021bi s-au ag\u0103\u021bat de un tramvai VIDEO"},"content":{"rendered":"<p>\u00cen imagini se observ\u0103 cum adolescen\u021bii se urc\u0103 pe capota unei ma\u0219ini aflate \u00een mers. Autoturismul cu cei doi tineri pe capot\u0103 \u0219i-a continuat drumul \u0219i a lovit un alt autoturism.<\/p>\n\n<p>Unul dintre cei doi tineri de pe capot\u0103 a fost r\u0103nit grav \u0219i a fost transportat la spital. Ini\u021bial, \u0219oferul a fugit de la fa\u021ba locului, dar a fost prins, iar victima este internat\u0103 \u0219i urmeaz\u0103 s\u0103 fie operat\u0103. Imaginile cu tinerii au fost publicate de Ministerul Afacerilor Interne pe internet, dup\u0103 ce poli\u021bi\u0219tii s-au autosesizat \u0219i au \u00eenceput cercet\u0103rile.<\/p>\n<p><a href=\"https:\/\/www.realitatea.net\/stiri\/actual\/inconstienta-maxima-copii-surpinsi-pe-trapa-unui-masini-aflate-in-mers-la-cluj-imagini-socante_66d540f243415e5da76a0c72\" target=\"_blank\">Incon\u0219tien\u021b\u0103 maxim\u0103: copii surprin\u0219i pe trapa unui ma\u0219ini aflate \u00een mers, la Cluj. Imagini \u0219ocante<\/a><\/p>\n<p>Alte scene \u0219ocante au fost surprinse la Oradea. Doi tineri au fost filma\u021bi de un \u0219ofer \u00een timp ce ace\u0219tia st\u0103teau ag\u0103\u021ba\u021bi de partea din spate a unui tramvai. De\u0219i erau suficiente locuri, teribili\u0219tii au ales s\u0103 \u00ee\u0219i ri\u0219te vie\u021bile pentru c\u00e2teva clipe de adrenalin\u0103.\u00a0<\/p>\n\n<p><a href=\"https:\/\/www.realitatea.net\/stiri\/actual\/tineri-iesiti-pe-jumatate-din-masina-in-mers-teribilism-dus-la-extrem_6615066a0d55f609e87e5a35\" target=\"_blank\">Tineri ie\u0219i\u021bi pe jum\u0103tate din ma\u0219in\u0103, \u00een mers! Teribilism dus la extrem<\/a><\/p>","protected":false},"excerpt":{"rendered":"<p>\u00cen imagini se observ\u0103 cum adolescen\u021bii se urc\u0103 pe capota unei ma\u0219ini aflate \u00een mers.&hellip;<\/p>\n","protected":false},"author":0,"featured_media":8983,"comment_status":"open","ping_status":"open","sticky":false,"template":"","format":"standard","meta":{"footnotes":""},"categories":[2],"tags":[],"class_list":["post-8982","post","type-post","status-publish","format-standard","has-post-thumbnail","hentry","category-actual"],"_links":{"self":[{"href":"https:\/\/247stiri.ro\/index.php\/wp-json\/wp\/v2\/posts\/8982","targetHints":{"allow":["GET"]}}],"collection":[{"href":"https:\/\/247stiri.ro\/index.php\/wp-json\/wp\/v2\/posts"}],"about":[{"href":"https:\/\/247stiri.ro\/index.php\/wp-json\/wp\/v2\/types\/post"}],"replies":[{"embeddable":true,"href":"https:\/\/247stiri.ro\/index.php\/wp-json\/wp\/v2\/comments?post=8982"}],"version-history":[{"count":0,"href":"https:\/\/247stiri.ro\/index.php\/wp-json\/wp\/v2\/posts\/8982\/revisions"}],"wp:featuredmedia":[{"embeddable":true,"href":"https:\/\/247stiri.ro\/index.php\/wp-json\/wp\/v2\/media\/8983"}],"wp:attachment":[{"href":"https:\/\/247stiri.ro\/index.php\/wp-json\/wp\/v2\/media?parent=8982"}],"wp:term":[{"taxonomy":"category","embeddable":true,"href":"https:\/\/247stiri.ro\/index.php\/wp-json\/wp\/v2\/categories?post=8982"},{"taxonomy":"post_tag","embeddable":true,"href":"https:\/\/247stiri.ro\/index.php\/wp-json\/wp\/v2\/tags?post=8982"}],"curies":[{"name":"wp","href":"https:\/\/api.w.org\/{rel}","templated":true}]}}