{"id":903,"date":"2024-10-22T13:58:16","date_gmt":"2024-10-22T13:58:16","guid":{"rendered":"https:\/\/247stiri.ro\/index.php\/2024\/10\/22\/un-profesor-de-la-palatul-copiilor-din-capitala-ar-fi-agresat-sexual-o-minora-dupa-un-curs-mama-fetei-nu-a-denuntat-fapta\/"},"modified":"2024-10-22T13:58:16","modified_gmt":"2024-10-22T13:58:16","slug":"un-profesor-de-la-palatul-copiilor-din-capitala-ar-fi-agresat-sexual-o-minora-dupa-un-curs-mama-fetei-nu-a-denuntat-fapta","status":"publish","type":"post","link":"https:\/\/247stiri.ro\/index.php\/2024\/10\/22\/un-profesor-de-la-palatul-copiilor-din-capitala-ar-fi-agresat-sexual-o-minora-dupa-un-curs-mama-fetei-nu-a-denuntat-fapta\/","title":{"rendered":"Un profesor de la Palatul Copiilor din Capital\u0103 ar fi agresat sexual o minor\u0103 dup\u0103 un curs! Mama fetei nu a denun\u0163at fapta"},"content":{"rendered":"<p>Poli\u0163i\u015fti ai Sec\u0163iei 18 din Bucure\u015fti, sub supravegherea Parchetului de pe l\u00e2ng\u0103 Judec\u0103toria Sectorului 5, au pus \u00een executare dou\u0103 mandate de perchezi\u0163ie domiciliar\u0103 \u00een Capital\u0103 \u015fi trei mandate de aducere, \u00eentr-un dosar penal privind s\u0103v\u00e2r\u015firea infrac\u0163iunilor de viol, agresiune sexual\u0103, concurs real de corupere sexual\u0103 a minorilor, racolarea minorilor \u00een scopuri sexuale, nedenun\u0163are \u015fi v\u0103t\u0103mare corporal\u0103 din culp\u0103.\u201eDin datele \u015fi probele administrate p\u00e2n\u0103 \u00een prezent a rezultat presupunerea rezonabil\u0103 c\u0103, \u00een luna iulie a anului 2023, un b\u0103rbat, \u00een v\u00e2rst\u0103 de 39 de ani, \u00een calitate de profesor de limba englez\u0103 \u00een cadrul unei institu\u0163ii culturale destinate copiilor, din Sectorul 4, ar fi profitat de v\u00e2rsta fraged\u0103 a unei minore, care la acea dat\u0103 avea 14 ani, \u015fi f\u0103r\u0103 consim\u0163\u0103m\u00e2ntul acesteia, ar fi agresat-o sexual, \u00een incinta respectivei institu\u0163ii culturale. De asemenea, \u00een urma verific\u0103rilor efectuate a rezultat presupunerea rezonabil\u0103 c\u0103, mama minorei ar fi luat cuno\u015ftin\u0163\u0103 despre infrac\u0163iunea s\u0103v\u00e2r\u015fit\u0103 asupra fiicei sale, nu a denun\u0163at fapta\u201d, informeaz\u0103 Poli\u0163ia Rom\u00e2n\u0103.<\/p>\n<p>Agresiunea sexual\u0103 a profesorului \u00een v\u00e2rst\u0103 de 39 de ani s-ar fi petrecut \u00een timp ce fata se afla \u00een Palatul Copiilor, la finalul unui curs de englez\u0103.<\/p>\n<p>Poli\u0163i\u015ftii au mai anun\u0163at c\u0103 investiga\u0163iile au scos la iveal\u0103 faptul c\u0103 \u00een vacan\u0163a de var\u0103 din acest an un alt b\u0103rbat, \u00een v\u00e2rst\u0103 de 36 de ani, i-ar fi propus, \u00een mod repetat, minorei de 15 ani s\u0103 se \u00eent\u00e2lneasc\u0103 la o adres\u0103 din Sectorul 2 al Capitalei. Potrivit poli\u0163i\u015ftirlor, acesta este cercetat pentru viol, coruperea sexual\u0103 a minorilor \u00een form\u0103 continuat\u0103 \u015fi racolarea minorilor \u00een scopuri sexuale \u00een form\u0103 continuat\u0103.<\/p>\n<p>Cercet\u0103rile sunt continuate de c\u0103tre poli\u0163i\u015fti din cadrul subunit\u0103\u0163ii, sub supravegherea Parchetului de pe l\u00e2ng\u0103 Judec\u0103toria Sectorului 5 pentru viol, agresiune sexual\u0103, coruperea sexual\u0103 a minorilor, racolarea minorilor \u00een scopuri sexuale, nedenun\u0163are, v\u0103t\u0103mare corporal\u0103 din culp\u0103.<\/p>\n<p><a href=\"https:\/\/www.realitatea.net\/stiri\/actual\/barbat-din-olt-retinut-dupa-ce-sia-agresat-sotia-femeia-a-fost-lovita-cu-pumnii-si-picioarele-in-zona-capului-unde-sa-petrecut-cumplita-scena_671770325153464d2d624eb2\" target=\"_blank\" rel=\"noopener\">B\u0103rbat din Olt, re\u0163inut dup\u0103 ce \u015fi-a AGRESAT so\u0163ia. Femeia a fost lovit\u0103 \u00een cap cu pumnii \u015fi picioarele: unde s-a petrecut cumplita scen\u0103<\/a><\/p>","protected":false},"excerpt":{"rendered":"<p>Poli\u0163i\u015fti ai Sec\u0163iei 18 din Bucure\u015fti, sub supravegherea Parchetului de pe l\u00e2ng\u0103 Judec\u0103toria Sectorului 5,&hellip;<\/p>\n","protected":false},"author":0,"featured_media":904,"comment_status":"open","ping_status":"open","sticky":false,"template":"","format":"standard","meta":{"footnotes":""},"categories":[2],"tags":[],"class_list":["post-903","post","type-post","status-publish","format-standard","has-post-thumbnail","hentry","category-actual"],"_links":{"self":[{"href":"https:\/\/247stiri.ro\/index.php\/wp-json\/wp\/v2\/posts\/903","targetHints":{"allow":["GET"]}}],"collection":[{"href":"https:\/\/247stiri.ro\/index.php\/wp-json\/wp\/v2\/posts"}],"about":[{"href":"https:\/\/247stiri.ro\/index.php\/wp-json\/wp\/v2\/types\/post"}],"replies":[{"embeddable":true,"href":"https:\/\/247stiri.ro\/index.php\/wp-json\/wp\/v2\/comments?post=903"}],"version-history":[{"count":0,"href":"https:\/\/247stiri.ro\/index.php\/wp-json\/wp\/v2\/posts\/903\/revisions"}],"wp:featuredmedia":[{"embeddable":true,"href":"https:\/\/247stiri.ro\/index.php\/wp-json\/wp\/v2\/media\/904"}],"wp:attachment":[{"href":"https:\/\/247stiri.ro\/index.php\/wp-json\/wp\/v2\/media?parent=903"}],"wp:term":[{"taxonomy":"category","embeddable":true,"href":"https:\/\/247stiri.ro\/index.php\/wp-json\/wp\/v2\/categories?post=903"},{"taxonomy":"post_tag","embeddable":true,"href":"https:\/\/247stiri.ro\/index.php\/wp-json\/wp\/v2\/tags?post=903"}],"curies":[{"name":"wp","href":"https:\/\/api.w.org\/{rel}","templated":true}]}}