{"id":9075,"date":"2024-11-20T10:52:30","date_gmt":"2024-11-20T10:52:30","guid":{"rendered":"https:\/\/247stiri.ro\/index.php\/2024\/11\/20\/nicolae-ciuca-reactie-dupa-retragerea-lui-ludovic-orban-din-cursa-prezidentiala-nu-o-va-ajuta-pe-elena-lasconi\/"},"modified":"2024-11-20T10:52:30","modified_gmt":"2024-11-20T10:52:30","slug":"nicolae-ciuca-reactie-dupa-retragerea-lui-ludovic-orban-din-cursa-prezidentiala-nu-o-va-ajuta-pe-elena-lasconi","status":"publish","type":"post","link":"https:\/\/247stiri.ro\/index.php\/2024\/11\/20\/nicolae-ciuca-reactie-dupa-retragerea-lui-ludovic-orban-din-cursa-prezidentiala-nu-o-va-ajuta-pe-elena-lasconi\/","title":{"rendered":"Nicolae Ciuc\u0103, reac\u021bie dup\u0103 retragerea lui Ludovic Orban din cursa preziden\u021bial\u0103: Nu o va ajuta pe Elena Lasconi"},"content":{"rendered":"<p>Candidatul PNL la alegerile preziden\u021biale, Nicolae Ciuc\u0103 a declarat c\u0103 regret\u0103 modul \u00een care Ludovic Orban a ales s\u0103 se retrag\u0103 din via\u021ba politic\u0103. Liderul PNL a subliniat c\u0103 renun\u021barea lui Orban la cursa pentru pre\u0219edin\u021bia Rom\u00e2niei nu va aduce avantaje candidatei USR, Elena Lasconi, la alegerile preziden\u021biale.<\/p>\n<p>\u201eMie \u00eemi pare foarte r\u0103u pentru modul \u00een care a ie\u015fit Ludovic Orban din politic\u0103. Este regretabil pentru c\u0103 a avut o ie\u015fire c\u00e2t se poate de nepl\u0103cut\u0103 fa\u0163\u0103 de PNL, partid care l-a pus pe un piedestal \u00een politica din Rom\u00e2nia\u201d, a declarat Nicolae Ciuc\u0103.<\/p>\n<p>Liderul PNL a men\u021bionat c\u0103 retragerea lui Ludovic Orban nu va constitui un avantaj pentru Elena Lasconi.<\/p>\n<p>\u201eO retragere care r\u0103m\u00e2ne pe buletinul de vot nu cred c\u0103 va aduce vreun beneficiu doamnei Lasconi. Ca atare, cred c\u0103 era c\u00e2t se poate de firesc s\u0103 fi stat la mas\u0103, s\u0103 fi avut un dialog\u201d, a mai precizat Ciuc\u0103.<\/p>\n<p>\u00a0<\/p>","protected":false},"excerpt":{"rendered":"<p>Candidatul PNL la alegerile preziden\u021biale, Nicolae Ciuc\u0103 a declarat c\u0103 regret\u0103 modul \u00een care Ludovic&hellip;<\/p>\n","protected":false},"author":0,"featured_media":9072,"comment_status":"open","ping_status":"open","sticky":false,"template":"","format":"standard","meta":{"footnotes":""},"categories":[2],"tags":[],"class_list":["post-9075","post","type-post","status-publish","format-standard","has-post-thumbnail","hentry","category-actual"],"_links":{"self":[{"href":"https:\/\/247stiri.ro\/index.php\/wp-json\/wp\/v2\/posts\/9075","targetHints":{"allow":["GET"]}}],"collection":[{"href":"https:\/\/247stiri.ro\/index.php\/wp-json\/wp\/v2\/posts"}],"about":[{"href":"https:\/\/247stiri.ro\/index.php\/wp-json\/wp\/v2\/types\/post"}],"replies":[{"embeddable":true,"href":"https:\/\/247stiri.ro\/index.php\/wp-json\/wp\/v2\/comments?post=9075"}],"version-history":[{"count":0,"href":"https:\/\/247stiri.ro\/index.php\/wp-json\/wp\/v2\/posts\/9075\/revisions"}],"wp:featuredmedia":[{"embeddable":true,"href":"https:\/\/247stiri.ro\/index.php\/wp-json\/wp\/v2\/media\/9072"}],"wp:attachment":[{"href":"https:\/\/247stiri.ro\/index.php\/wp-json\/wp\/v2\/media?parent=9075"}],"wp:term":[{"taxonomy":"category","embeddable":true,"href":"https:\/\/247stiri.ro\/index.php\/wp-json\/wp\/v2\/categories?post=9075"},{"taxonomy":"post_tag","embeddable":true,"href":"https:\/\/247stiri.ro\/index.php\/wp-json\/wp\/v2\/tags?post=9075"}],"curies":[{"name":"wp","href":"https:\/\/api.w.org\/{rel}","templated":true}]}}