{"id":9090,"date":"2024-11-20T11:47:07","date_gmt":"2024-11-20T11:47:07","guid":{"rendered":"https:\/\/247stiri.ro\/index.php\/2024\/11\/20\/gabriela-sirbu-coordonatoarea-via-profi-o-comunitate-prospera-si-sanatoasa-inseamna-si-un-mediu-de-afaceri-stabil-si-sustenabil-p\/"},"modified":"2024-11-20T11:47:07","modified_gmt":"2024-11-20T11:47:07","slug":"gabriela-sirbu-coordonatoarea-via-profi-o-comunitate-prospera-si-sanatoasa-inseamna-si-un-mediu-de-afaceri-stabil-si-sustenabil-p","status":"publish","type":"post","link":"https:\/\/247stiri.ro\/index.php\/2024\/11\/20\/gabriela-sirbu-coordonatoarea-via-profi-o-comunitate-prospera-si-sanatoasa-inseamna-si-un-mediu-de-afaceri-stabil-si-sustenabil-p\/","title":{"rendered":"Gabriela S\u00eerbu, coordonatoarea Via Profi: O comunitate prosper\u0103 \u0219i s\u0103n\u0103toas\u0103 \u00eenseamn\u0103 \u0219i un mediu de afaceri stabil \u0219i sustenabil (P)"},"content":{"rendered":"<p>Platforma cre\u0219te din ce \u00een ce mai mult, exemplific\u00e2nd gr\u0103itor felul \u00een care o companie responsabil\u0103 pune suflet \u00een Rom\u00e2nia, \u00een comunitate, printr-o ini\u021biativ\u0103 de CSR care conecteaz\u0103 \u00eentre ele nu doar genera\u021bii diferite, ci \u0219i ruralul cu urbanul. Gabriela S\u00eerbu, directorul de sustenabilitate Profi \u0219i coordonatoarea acestui program, vorbe\u0219te despre cum a luat na\u0219tere Via Profi \u0219i de ce este important un astfel de program.<\/p>\n<p>\u00a0<\/p>\n<p>Ce este Via Profi?<\/p>\n<p>De\u0219i e dificil s\u0103 descrii pe scurt un proiect ce reune\u0219te at\u00e2tea resurse, at\u00e2ta energie \u0219i \u00een special at\u00e2t de mult suflet, voi face totu\u0219i o \u00eencercare. Via Profi este cea mai simpl\u0103 \u0219i mai sigur\u0103 cale de a ajunge direct, f\u0103r\u0103 intermediari, la micii produc\u0103tori locali \u0219i la gusturile autentice rom\u00e2ne\u0219ti! La o prim\u0103 privire, Via Profi pare o simpl\u0103 platform\u0103 online, accesibil\u0103 pe <a href=\"http:\/\/www.via-profi.ro\/\">www.via-profi.ro<\/a>. \u00cen realitate \u00eens\u0103, este o punte \u00eentre genera\u021bii, gusturi, tradi\u021bii, oameni pricepu\u021bi \u0219i oameni care caut\u0103 tot ce e mai bun \u0219i mai frumos pentru ei \u0219i familiile lor. Dincolo de faptul c\u0103 pune \u00een eviden\u021b\u0103 produc\u0103tori autentici care altfel ar r\u0103m\u00e2ne cunoscu\u021bi doar \u00een micile lor comunit\u0103\u021bi locale, Via Profi ofer\u0103 unui public larg \u0219ansa explor\u0103rii Rom\u00e2niei frumoase prin intermediul gusturilor tradi\u021bionale autentice.<\/p>\n<p>Cum a luat na\u0219tere Via Profi?<\/p>\n<p>Cu peste 28.000 de angaja\u021bi \u00een peste 1.750 de magazine proprii \u0219i partenere din mai bine de 870 de localit\u0103\u021bi urbane \u0219i rurale, Profi nu doar c\u0103 este cel mai mare angajator privat din Rom\u00e2nia, dar este \u0219i compania care prin ampla sa cuprindere geografic\u0103 \u0219tie poate cel mai bine ce \u00ee\u0219i doresc oamenii de pe la noi. Cresc\u00e2nd \u00een \u0219i pentru Rom\u00e2nia, fiind conecta\u021bi profund la comunitate \u0219i pun\u00e2nd suflet \u00een ceea ce facem, am observat c\u0103 tot omul caut\u0103 gusturile bune \u0219i produsele autentice rom\u00e2ne\u0219ti. Problema e c\u0103 acestea nu sunt mereu u\u0219or de g\u0103sit sau c\u0103 adesea trec prin at\u00e2t de mul\u021bi intermediari \u00eenc\u00e2t devin aproape inaccesibile. \u00cen acest context, ne-am g\u00e2ndit s\u0103 propunem o cale prin care micii produc\u0103tori locali s\u0103 se conecteze nemijlocit cu consumatori. Am g\u00e2ndit un mecanism viabil, am alc\u0103tuit o strategie \u0219i i-am dat \u0219i un nume: Via Profi. Este o form\u0103 de sprijin at\u00e2t pentru astfel de produc\u0103tori, c\u00e2t \u0219i pentru cei care vor s\u0103 ajung\u0103 la ace\u0219tia, la produsele lor. \u0218i iat\u0103 c\u0103 ast\u0103zi, f\u0103r\u0103 s\u0103 \u00eei condi\u021bioneze \u00een vreun fel, Profi pune la dispozi\u021bia unui num\u0103r \u00een cre\u0219tere de produc\u0103tori artizanali mediul \u00een care s\u0103-\u0219i spun\u0103 propriile pove\u0219ti \u0219i s\u0103-\u0219i prezinte atractiv oferta de produse. Iar cum \u00eenscrierile pe platform\u0103 sunt verificate \u0219i validate \u00een teren de c\u0103tre speciali\u0219tii lan\u021bului de magazine, cine cutreier\u0103 <a href=\"https:\/\/www.via-profi.ro\/\">Via Profi<\/a> poate fi sigur c\u0103 descrierile, pozele \u0219i informa\u021biile oferite \u00een platform\u0103 sunt reale 100%.<\/p>\n<p>Via Profi a luat na\u0219tere din dorin\u021ba noastr\u0103 clar\u0103 de a p\u0103stra \u0219i a ne conecta la ceea ce este autentic rom\u00e2nesc \u0219i de a \u0219terge praful de pe tradi\u021bie, de a-i reda str\u0103lucirea. C\u00e2nd sunt prezentate onest \u0219i \u00eentr-un limbaj scuturat de limba de lemn a marketingului populist, produsele artizanale devin atractive pentru toate genera\u021biile.<\/p>\n<p>Ce \u00eenseamn\u0103 implicarea \u00een comunitate \u00een viziunea voastr\u0103?<\/p>\n<p>Credin\u021ba noastr\u0103 este c\u0103 un retailer de succes trebuie s\u0103 aib\u0103 r\u0103d\u0103cini ad\u00e2nci \u00een comunit\u0103\u021bile \u00een care \u00ee\u0219i desf\u0103\u0219oar\u0103 activitatea. O comunitate prosper\u0103 \u0219i s\u0103n\u0103toas\u0103 \u00eenseamn\u0103 \u0219i un mediu de afaceri stabil \u0219i sustenabil. De aceea avem un plus de motiva\u021bie s\u0103 desf\u0103\u0219ur\u0103m ini\u021biative comunitare, fie c\u0103 vorbim de sprijin pentru educa\u021bie, de proiecte de mediu sau de programe de voluntariat, s\u0103 contribuim consecvent la construirea unei lumi mai bune. Fiecare ac\u021biune, fiecare nou parteneriat are menirea de a \u00eembun\u0103t\u0103\u021bi calitatea vie\u021bii oamenilor, de a crea un impact pozitiv real. Prin proiectele noastre reu\u0219im nu doar s\u0103 aducem valoare pentru micii produc\u0103tori \u0219i pentru publicul doritor de autentic, ci \u0219i s\u0103 inspir\u0103m \u0219i al\u021bi actori economici s\u0103 se implice, gener\u00e2nd \u00een societate un efect de und\u0103 pozitiv.<\/p>\n<p>Zi de zi, punem suflet \u0219i ne implic\u0103m \u00een comunitate! Uneori este nevoie de un impuls pentru a ar\u0103ta c\u00e2t\u0103 bun\u0103tatea \u0219i valoare ne \u00eenconjoar\u0103, iar Via Profi reu\u0219e\u0219te s\u0103 pun\u0103 \u00een eviden\u021b\u0103 aceste valori, integr\u00e2ndu-ne tot mai profund \u00een marea comunitate.<\/p>\n\n<p>Care sunt premiile primite de Via Profi dup\u0103 primul an de existen\u021b\u0103 al platformei?<\/p>\n<p>\u00cenainte de a vorbi despre premii, este important s\u0103 punct\u0103m c\u0103 <a href=\"http:\/\/www.via-profi.ro\/\">www.via-profi.ro<\/a> reu\u0219e\u0219te s\u0103 creasc\u0103 organic, av\u00e2nd tot mai mul\u021bi vizitatori \u00een timp ce cre\u0219te \u0219i num\u0103rul produc\u0103torilor care, odat\u0103 \u00eenscri\u0219i, dau str\u0103lucire h\u0103r\u021bii Rom\u00e2niei gustului bun. \u00cen mai pu\u021bin de \u0219ase luni de la lansare, Via Profi punea \u00een eviden\u021b\u0103 peste 200 de produc\u0103tori locali\u00a0 din 11 jude\u021be; azi, sunt peste 600 de astfel de mici produc\u0103tori din 35 de \u00a0jude\u021bele. Fire\u0219te, o astfel de dezvoltare nu a trecut neobservat\u0103 de profesioni\u0219tii din sustenabilitate \u0219i comunicare. Prin campaniile sale Via Profi \u0219terge praful de pe tradi\u021bii, construind un limbaj comun pentru mai multe genera\u021bii pe care le adun\u0103 \u00een jurul gustului autentic rom\u00e2nesc.<\/p>\n<p>\u00cen ultimele luni, Via Profi a c\u00e2\u0219tigat Biz PR Award 2024 pentru sus\u021binerea micilor produc\u0103tori locali prin lansarea campaniei de comunicare \u201e\u0218tergem tradi\u021bia de praf\u201d, Premiul pentru \u201eExcelen\u021b\u0103 \u00een dezvoltarea durabil\u0103 a economiei locale\u201d acordat \u00een cadrul ESG SUMMIT, \u0219i recunoa\u0219terea Gold \u00een Community Index 2024, pentru cre\u0219terea nivelului de con\u0219tientizare. Aceste premii vin \u00een completarea celor primite \u00een prim\u0103var\u0103 pentru Via Profi: Community Hero \u00een cadrul Biz Sustainability Awards \u0219i locul \u00eent\u00e2i pentru Sus\u021binerea Comunit\u0103\u021bii, la gala Romanian CSR Awards.<\/p>\n<p>Toate premiile ob\u021binute de Via Profi ne bucur\u0103 dar, mai mult dec\u00e2t at\u00e2t, ne bucur\u0103 validarea \u0219i aprecierea venite dinspre consumatori \u0219i micii produc\u0103tori locali. \u00cempreun\u0103 punem suflet \u00een Rom\u00e2nia!\u00a0<\/p>","protected":false},"excerpt":{"rendered":"<p>Platforma cre\u0219te din ce \u00een ce mai mult, exemplific\u00e2nd gr\u0103itor felul \u00een care o companie&hellip;<\/p>\n","protected":false},"author":0,"featured_media":9091,"comment_status":"open","ping_status":"open","sticky":false,"template":"","format":"standard","meta":{"footnotes":""},"categories":[2],"tags":[],"class_list":["post-9090","post","type-post","status-publish","format-standard","has-post-thumbnail","hentry","category-actual"],"_links":{"self":[{"href":"https:\/\/247stiri.ro\/index.php\/wp-json\/wp\/v2\/posts\/9090","targetHints":{"allow":["GET"]}}],"collection":[{"href":"https:\/\/247stiri.ro\/index.php\/wp-json\/wp\/v2\/posts"}],"about":[{"href":"https:\/\/247stiri.ro\/index.php\/wp-json\/wp\/v2\/types\/post"}],"replies":[{"embeddable":true,"href":"https:\/\/247stiri.ro\/index.php\/wp-json\/wp\/v2\/comments?post=9090"}],"version-history":[{"count":0,"href":"https:\/\/247stiri.ro\/index.php\/wp-json\/wp\/v2\/posts\/9090\/revisions"}],"wp:featuredmedia":[{"embeddable":true,"href":"https:\/\/247stiri.ro\/index.php\/wp-json\/wp\/v2\/media\/9091"}],"wp:attachment":[{"href":"https:\/\/247stiri.ro\/index.php\/wp-json\/wp\/v2\/media?parent=9090"}],"wp:term":[{"taxonomy":"category","embeddable":true,"href":"https:\/\/247stiri.ro\/index.php\/wp-json\/wp\/v2\/categories?post=9090"},{"taxonomy":"post_tag","embeddable":true,"href":"https:\/\/247stiri.ro\/index.php\/wp-json\/wp\/v2\/tags?post=9090"}],"curies":[{"name":"wp","href":"https:\/\/api.w.org\/{rel}","templated":true}]}}