{"id":9092,"date":"2024-11-20T11:47:07","date_gmt":"2024-11-20T11:47:07","guid":{"rendered":"https:\/\/247stiri.ro\/index.php\/2024\/11\/20\/alerta-la-granita-ambasada-romaniei-la-kiev-are-activitatea-limitata-la-actiuni-cu-caracter-de-urgenta\/"},"modified":"2024-11-20T11:47:07","modified_gmt":"2024-11-20T11:47:07","slug":"alerta-la-granita-ambasada-romaniei-la-kiev-are-activitatea-limitata-la-actiuni-cu-caracter-de-urgenta","status":"publish","type":"post","link":"https:\/\/247stiri.ro\/index.php\/2024\/11\/20\/alerta-la-granita-ambasada-romaniei-la-kiev-are-activitatea-limitata-la-actiuni-cu-caracter-de-urgenta\/","title":{"rendered":"ALERT\u0102 la grani\u021b\u0103! Ambasada Rom\u00e2niei la Kiev are activitatea limitat\u0103 la ac\u0163iuni cu caracter de urgen\u0163\u0103"},"content":{"rendered":"<p>Aceast\u0103 m\u0103sur\u0103, arat\u0103 MAE, a fost luat\u0103 \u00een coordonare cu misiunile diplomatice ale celorlalte state aliate \u015fi membre UE.<\/p>\n<p>&#8222;Situa\u0163ia este monitorizat\u0103 permanent \u015fi, \u00een consultare \u015fi cu autorit\u0103\u0163ile ucrainene, m\u0103surile vor fi adaptate \u00een func\u0163ie de evolu\u0163ii&#8221;, a precizat Ministerul rom\u00e2n de Externe.<\/p>\n<p>Ambasada SUA la Kiev a alertat cu privire la un &#8222;posibil atac aerian semnificativ&#8221;, miercuri, la o zi dup\u0103 ce Rusia a declarat c\u0103 va reac\u0163iona la tirurile Ucrainei cu rachete americane cu raz\u0103 de ac\u0163iune lung\u0103 asupra teritoriului s\u0103u, informeaz\u0103 AFP.<\/p>\n<p>Ambasada &#8222;a primit informa\u0163ii precise privind un posibil atac aerian semnificativ pe 20 noiembrie&#8221;, dup\u0103 cum a anun\u0163at miercuri reprezentan\u0163a american\u0103 pe site-ul s\u0103u.<\/p>\n<p>&#8222;Ca m\u0103sur\u0103 de precau\u0163ie, ambasada va fi \u00eenchis\u0103 \u015fi angaja\u0163ii ambasadei sunt invita\u0163i s\u0103 se pun\u0103 la ad\u0103post&#8221;, precizeaz\u0103 textul reprezentan\u0163ei SUA, care le recomand\u0103 cet\u0103\u0163enilor s\u0103i &#8222;s\u0103 se preg\u0103teasc\u0103 s\u0103 se ad\u0103posteasc\u0103 imediat \u00een caz de alert\u0103 aerian\u0103 anun\u0163at\u0103&#8221;.<\/p>\n<p>La scurt timp dup\u0103 anun\u0163ul f\u0103cut de Ambasada SUA la Kiev, un mesaj similar a fost trimis \u015fi de Ambasada Spaniei \u00een capitala ucrainean\u0103. Astfel, lega\u0163ia spaniol\u0103 a anun\u0163at miercuri \u00eentr-un email trimis cet\u0103\u0163enilor spanioli reziden\u0163i \u00een Ucraina c\u0103 nu va oferi servicii \u00een timpul zilei de miercuri din cauza &#8222;riscului sporit de a se produce atacuri aeriene \u00een \u00eentreaga Ucrain\u0103&#8221;, potrivit EFE.<\/p>\n<p>\u015eeful diploma\u0163iei ruse Serghei Lavrov a promis mar\u0163i un r\u0103spuns &#8222;corespunz\u0103tor&#8221; la tirurile ucrainene cu rachete americane ATACMS \u00eempotriva Rusiei, denun\u0163\u00e2nd implicarea SUA \u00een aceste lovituri \u015fi v\u0103z\u00e2nd \u00een ele o &#8222;nou\u0103 faz\u0103&#8221; a conflictului. &#8222;Consider\u0103m aceasta drept o nou\u0103 faz\u0103 a r\u0103zboiului occidental \u00eempotriva Rusiei \u015fi vom reac\u0163iona \u00een consecin\u0163\u0103&#8221;, a declarat Lavrov \u00een fa\u0163a jurnali\u015ftilor la Rio de Janeiro, dup\u0103 summitul G20.<\/p>","protected":false},"excerpt":{"rendered":"<p>Aceast\u0103 m\u0103sur\u0103, arat\u0103 MAE, a fost luat\u0103 \u00een coordonare cu misiunile diplomatice ale celorlalte state&hellip;<\/p>\n","protected":false},"author":0,"featured_media":9093,"comment_status":"open","ping_status":"open","sticky":false,"template":"","format":"standard","meta":{"footnotes":""},"categories":[2],"tags":[],"class_list":["post-9092","post","type-post","status-publish","format-standard","has-post-thumbnail","hentry","category-actual"],"_links":{"self":[{"href":"https:\/\/247stiri.ro\/index.php\/wp-json\/wp\/v2\/posts\/9092","targetHints":{"allow":["GET"]}}],"collection":[{"href":"https:\/\/247stiri.ro\/index.php\/wp-json\/wp\/v2\/posts"}],"about":[{"href":"https:\/\/247stiri.ro\/index.php\/wp-json\/wp\/v2\/types\/post"}],"replies":[{"embeddable":true,"href":"https:\/\/247stiri.ro\/index.php\/wp-json\/wp\/v2\/comments?post=9092"}],"version-history":[{"count":0,"href":"https:\/\/247stiri.ro\/index.php\/wp-json\/wp\/v2\/posts\/9092\/revisions"}],"wp:featuredmedia":[{"embeddable":true,"href":"https:\/\/247stiri.ro\/index.php\/wp-json\/wp\/v2\/media\/9093"}],"wp:attachment":[{"href":"https:\/\/247stiri.ro\/index.php\/wp-json\/wp\/v2\/media?parent=9092"}],"wp:term":[{"taxonomy":"category","embeddable":true,"href":"https:\/\/247stiri.ro\/index.php\/wp-json\/wp\/v2\/categories?post=9092"},{"taxonomy":"post_tag","embeddable":true,"href":"https:\/\/247stiri.ro\/index.php\/wp-json\/wp\/v2\/tags?post=9092"}],"curies":[{"name":"wp","href":"https:\/\/api.w.org\/{rel}","templated":true}]}}