{"id":9095,"date":"2024-11-20T11:47:08","date_gmt":"2024-11-20T11:47:08","guid":{"rendered":"https:\/\/247stiri.ro\/index.php\/2024\/11\/20\/masina-de-scoala-implicata-in-accident-rutier-la-constanta-eleva-instructorul-si-un-alt-barbat-raniti\/"},"modified":"2024-11-20T11:47:08","modified_gmt":"2024-11-20T11:47:08","slug":"masina-de-scoala-implicata-in-accident-rutier-la-constanta-eleva-instructorul-si-un-alt-barbat-raniti","status":"publish","type":"post","link":"https:\/\/247stiri.ro\/index.php\/2024\/11\/20\/masina-de-scoala-implicata-in-accident-rutier-la-constanta-eleva-instructorul-si-un-alt-barbat-raniti\/","title":{"rendered":"Ma\u015fin\u0103 de \u015fcoal\u0103, implicat\u0103 \u00een accident rutier la Constan\u0163a. Eleva, instructorul \u015fi un alt b\u0103rbat, r\u0103ni\u0163i"},"content":{"rendered":"<p>\u201eLa data de 20 noiembrie a.c., \u00een jurul orei 08.50, poli\u0163i\u015ftii din cadrul Serviciului de Siguran\u0163\u0103 Rutier\u0103 au fost sesiza\u0163i cu privire la faptul c\u0103, \u00een municipiul Constan\u0163a &#8211; zona Doraly, s-a produs un accident rutier. Din primele cercet\u0103ri efectuate, a rezultat faptul c\u0103 \u00een accidentul rutier au fost implicate trei autoturisme\u201d, a transmis, miercuri, IPJ Constan\u0163a.<\/p>\n<p>\u201eAstfel, unul dintre conduc\u0103torii auto, un b\u0103rbat de 39 de ani, respectiv o t\u00e2n\u0103r\u0103, de 20 de ani, care se afla \u00een timpul orelor de conducere al\u0103turi de instructorul auto, au avut nevoie de \u00eengrijiri medicale. \u015eoferii au fost testa\u0163i cu aparatele etilotest \u015fi cel din dotare, rezultatele fiind negative\u201d, a mai transmis sursa citat\u0103.<\/p>\n<p><a href=\"https:\/\/www.realitatea.net\/stiri\/actual\/ambulanta-aflata-in-misiune-implicata-intrun-accident-la-constanta-masina-cu-care-sa-ciocnit-a-fost-proiectata-intrun-copac_673d75ae5c6b176cad3c7ec2\" target=\"_blank\">Ambulan\u021b\u0103 aflat\u0103 \u00een misiune, implicat\u0103 \u00eentr-un accident, la Constan\u021ba. Ma\u0219ina cu care s-a ciocnit a fost proiectat\u0103 \u00eentr-un copac<\/a><\/p>","protected":false},"excerpt":{"rendered":"<p>\u201eLa data de 20 noiembrie a.c., \u00een jurul orei 08.50, poli\u0163i\u015ftii din cadrul Serviciului de&hellip;<\/p>\n","protected":false},"author":0,"featured_media":9096,"comment_status":"open","ping_status":"open","sticky":false,"template":"","format":"standard","meta":{"footnotes":""},"categories":[2],"tags":[],"class_list":["post-9095","post","type-post","status-publish","format-standard","has-post-thumbnail","hentry","category-actual"],"_links":{"self":[{"href":"https:\/\/247stiri.ro\/index.php\/wp-json\/wp\/v2\/posts\/9095","targetHints":{"allow":["GET"]}}],"collection":[{"href":"https:\/\/247stiri.ro\/index.php\/wp-json\/wp\/v2\/posts"}],"about":[{"href":"https:\/\/247stiri.ro\/index.php\/wp-json\/wp\/v2\/types\/post"}],"replies":[{"embeddable":true,"href":"https:\/\/247stiri.ro\/index.php\/wp-json\/wp\/v2\/comments?post=9095"}],"version-history":[{"count":0,"href":"https:\/\/247stiri.ro\/index.php\/wp-json\/wp\/v2\/posts\/9095\/revisions"}],"wp:featuredmedia":[{"embeddable":true,"href":"https:\/\/247stiri.ro\/index.php\/wp-json\/wp\/v2\/media\/9096"}],"wp:attachment":[{"href":"https:\/\/247stiri.ro\/index.php\/wp-json\/wp\/v2\/media?parent=9095"}],"wp:term":[{"taxonomy":"category","embeddable":true,"href":"https:\/\/247stiri.ro\/index.php\/wp-json\/wp\/v2\/categories?post=9095"},{"taxonomy":"post_tag","embeddable":true,"href":"https:\/\/247stiri.ro\/index.php\/wp-json\/wp\/v2\/tags?post=9095"}],"curies":[{"name":"wp","href":"https:\/\/api.w.org\/{rel}","templated":true}]}}