{"id":9115,"date":"2024-11-20T12:45:29","date_gmt":"2024-11-20T12:45:29","guid":{"rendered":"https:\/\/247stiri.ro\/index.php\/2024\/11\/20\/dictionarul-cambridge-a-dezvaluit-cuvantul-anului-2024\/"},"modified":"2024-11-20T12:45:29","modified_gmt":"2024-11-20T12:45:29","slug":"dictionarul-cambridge-a-dezvaluit-cuvantul-anului-2024","status":"publish","type":"post","link":"https:\/\/247stiri.ro\/index.php\/2024\/11\/20\/dictionarul-cambridge-a-dezvaluit-cuvantul-anului-2024\/","title":{"rendered":"Dic\u021bionarul Cambridge a dezv\u0103luit cuv\u00e2ntul anului 2024"},"content":{"rendered":"<p>Termenul a devenit popular pe re\u0163elele de socializare \u015fi a fost c\u0103utat de aproape 130.000 de ori pe site-ul Cambridge Dictionary \u00een acest an. Lexicografii au afirmat c\u0103 termenul \u201ea manifesta\u201d a evoluat pentru a \u00eensemna \u201ea-\u0163i imagina c\u0103 realizezi ceva ce \u00ee\u0163i dore\u015fti, cu convingerea c\u0103 aceast\u0103 ac\u0163iune va cre\u015fte probabilitatea ca acel lucru s\u0103 se \u00eent\u00e2mple\u201d.<\/p>\n<p>Wendalyn Nichols, directorul editorial al Cambridge Dictionary, a declarat c\u0103 utilizarea cuv\u00e2ntului \u201emanifestare\u201d \u201es-a extins foarte mult \u00een toate tipurile de media, datorit\u0103 evenimentelor din 2024, \u015fi ilustreaz\u0103 modul \u00een care semnifica\u0163iile unui cuv\u00e2nt se pot schimba \u00een timp\u201d.<\/p>\n<p>Dar, \u00een ciuda popularit\u0103\u0163ii sale tot mai mari, Dr. Sander van der Linden, profesor de psihologie social\u0103 la Universitatea Cambridge, a declarat c\u0103 ideea de a face ceva s\u0103 se \u00eent\u00e2mple prin \u201emanifestare\u201d nu are nicio validitate \u015ftiin\u0163ific\u0103. El a spus c\u0103 se refer\u0103 la ceea ce psihologii numesc \u201eg\u00e2ndire magic\u0103\u201d sau \u201eiluzia general\u0103 c\u0103 anumite ritualuri mentale pot schimba lumea din jurul nostru\u201d, a notat mediafax.ro.<\/p>\n<p>Celebrit\u0103\u0163i precum Dua Lipa au vorbit public despre manifestare. C\u00e2nt\u0103rea\u0163a a spus c\u0103 a manifestat c\u0103 va fi cap de afi\u015f la Festivalul Glastonbury timp de ani de zile, iar acest lucru s-a realizat vara aceasta. Anul trecut, cuv\u00e2ntul anului ales de Cambridge a fost \u201ehalucina\u0163ie\u201d.<\/p>","protected":false},"excerpt":{"rendered":"<p>Termenul a devenit popular pe re\u0163elele de socializare \u015fi a fost c\u0103utat de aproape 130.000&hellip;<\/p>\n","protected":false},"author":0,"featured_media":9116,"comment_status":"open","ping_status":"open","sticky":false,"template":"","format":"standard","meta":{"footnotes":""},"categories":[2],"tags":[],"class_list":["post-9115","post","type-post","status-publish","format-standard","has-post-thumbnail","hentry","category-actual"],"_links":{"self":[{"href":"https:\/\/247stiri.ro\/index.php\/wp-json\/wp\/v2\/posts\/9115","targetHints":{"allow":["GET"]}}],"collection":[{"href":"https:\/\/247stiri.ro\/index.php\/wp-json\/wp\/v2\/posts"}],"about":[{"href":"https:\/\/247stiri.ro\/index.php\/wp-json\/wp\/v2\/types\/post"}],"replies":[{"embeddable":true,"href":"https:\/\/247stiri.ro\/index.php\/wp-json\/wp\/v2\/comments?post=9115"}],"version-history":[{"count":0,"href":"https:\/\/247stiri.ro\/index.php\/wp-json\/wp\/v2\/posts\/9115\/revisions"}],"wp:featuredmedia":[{"embeddable":true,"href":"https:\/\/247stiri.ro\/index.php\/wp-json\/wp\/v2\/media\/9116"}],"wp:attachment":[{"href":"https:\/\/247stiri.ro\/index.php\/wp-json\/wp\/v2\/media?parent=9115"}],"wp:term":[{"taxonomy":"category","embeddable":true,"href":"https:\/\/247stiri.ro\/index.php\/wp-json\/wp\/v2\/categories?post=9115"},{"taxonomy":"post_tag","embeddable":true,"href":"https:\/\/247stiri.ro\/index.php\/wp-json\/wp\/v2\/tags?post=9115"}],"curies":[{"name":"wp","href":"https:\/\/api.w.org\/{rel}","templated":true}]}}