{"id":9119,"date":"2024-11-20T12:45:30","date_gmt":"2024-11-20T12:45:30","guid":{"rendered":"https:\/\/247stiri.ro\/index.php\/2024\/11\/20\/ce-schimbari-va-cunoaste-bucurestiul-daca-referendumul-lui-nicusor-dan-va-trece\/"},"modified":"2024-11-20T12:45:30","modified_gmt":"2024-11-20T12:45:30","slug":"ce-schimbari-va-cunoaste-bucurestiul-daca-referendumul-lui-nicusor-dan-va-trece","status":"publish","type":"post","link":"https:\/\/247stiri.ro\/index.php\/2024\/11\/20\/ce-schimbari-va-cunoaste-bucurestiul-daca-referendumul-lui-nicusor-dan-va-trece\/","title":{"rendered":"Ce schimb\u0103ri va cunoa\u0219te Bucure\u0219tiul dac\u0103 referendumul lui Nicu\u0219or Dan va trece"},"content":{"rendered":"<p>Edilul Capitalei spune c\u0103, \u00een momentul de fa\u0163\u0103, exist\u0103 \u201edecalaje foarte mari \u00eentre c\u00e2t cheltuie fiecare din cele 7 prim\u0103rii\u201d.<\/p>\n<p>Dan a explicat c\u0103 \u00eemp\u0103r\u0163irea taxelor \u015fi impozitelor colectate de la bucure\u015fteni este, \u00een prezent, \u201etotal defavorabil\u0103 Prim\u0103riei Capitalei\u201d, \u00een condi\u0163iile \u00een care pe execu\u0163ia din 2023, din cele 15 miliarde de lei, colectate de la bucure\u015fteni, doar \u015fase miliarde au ajuns la Prim\u0103ria Capitalei, celelalte nou\u0103 duc\u00e2ndu-se la prim\u0103riile de sector.<\/p>\n<p>\u201eDin cele \u015fase miliarde de lei, trei s-au dus pe subven\u0163ia la termoficare \u015fi subven\u0163ia la transportul public. \u015ei atunci, raportul real este trei la nou\u0103 \u00eentre banii pe care i-am administrat noi \u015fi banii pe care i-au administrat sectoarele, \u00een condi\u0163iile \u00een care noi avem marea infrastructur\u0103. Repara\u0163ia Podului Grant, \u00een mod evident, noi am f\u0103cut-o\u201d, a precizat primarul general.<\/p>\n<p>Edilul a explicat c\u0103 Prim\u0103ria General\u0103 se ocup\u0103 \u015fi de \u00eentre\u0163inerea spitalelor \u015fi a teatrelor, iluminat public, semaforizare, iar sectoarele au \u201emult mai pu\u0163ine atribu\u0163ii\u201d, cum ar fi salubrizarea stradal\u0103, \u015fcolile, anvelop\u0103ri (aici cu fonduri europene) \u015fi atribu\u0163ii comune, \u00een cazul parcurilor.<\/p>\n<p>Ads<\/p>\n<p>\u201eDin cauza acestei \u00eemp\u0103r\u0163iri defectuoase care vine de 20 de ani, Prim\u0103ria Capitalei niciodat\u0103 nu a avut bani pentru marile proiecte de investi\u0163ii. De 15 ani tot vorbim c\u0103 vrem s\u0103 unific\u0103m sistemul de termoficare. Ca s\u0103 cump\u0103r\u0103m activele care apar\u0163in Ministerului Energiei asta \u00eenseamn\u0103 1,5 miliarde. \u00cen momentul \u00een care eu am un buget de 15 miliarde, 1,5 miliarde e 10%, \u00ee\u0163i permi\u0163i. \u00cen momentul \u00een care, de fapt, bugetul t\u0103u este de 3 miliarde \u015fi ai toate obliga\u0163iile astea niciodat\u0103 nu-\u0163i permi\u0163i \u015fi de aceea nici nu s-a f\u0103cut\u201d, a explicat primarul Bucure\u015ftiului.<\/p>\n<p>Nicu\u015for Dan enumer\u0103 o serie de mari investi\u0163ii pe care spune c\u0103 le-ar fi putut face Prim\u0103ria General\u0103 \u015fi care sunt necesare: trecerea metroului \u00een subordinea Prim\u0103riei Capitalei, extinderea transportului public de suprafa\u0163\u0103, \u00een condi\u0163iile \u00een care acum exist\u0103 \u201elinii suprasolicitate\u201d, schimbarea flotei, un mare spital pentru c\u0103 \u201etoate sunt din anii 70 sau mai vechi\u201d. \u201eSunt lucruri mari pe care Bucure\u015ftiul nu le-a f\u0103cut niciodat\u0103\u201d, spune edilul \u015fef.<\/p>\n<p>Ads\u00a0<\/p>\n<p>Conform ziare.com, primarul general a mai vorbit despre necesitatea emiterii autoriza\u0163iilor de construc\u0163ii pe \u00eentreg teritoriul administrativ al ora\u015fului de c\u0103tre Primarul General. Principalul motiv pentru care bucure\u015ftenii trebuie s\u0103 voteze \u201eDA\u201d la aceast\u0103 \u00eentrebare este descongestionarea traficului, urmat de alte tipuri de argumente, precum cel de ordin estetic.<\/p>\n<p>\u201eDe asemenea, am discutat \u015fi despre cea de treia \u00eentrebare, cea legat\u0103 de coordonarea la nivel local a Bucure\u015ftiului, de c\u0103tre Prim\u0103ria General\u0103, a unui program antidrog la tineri. Faptul c\u0103 aceast\u0103 \u00eentrebare a fost propus\u0103 \u015fi pus\u0103 \u00een dezbatere \u00eent\u0103re\u015fte ideea c\u0103 Prim\u0103ria Capitalei trebuie s\u0103 aib\u0103 un rol de coordonare \u015fi s\u0103 aib\u0103 \u015fi finan\u0163area corespunz\u0103toare pentru acest tip de programe \u015fi pentru alte tipuri de programe educative\u201d, mai men\u0163ioneaz\u0103 Nicu\u015for Dan \u00een postarea de pe Facebook.<\/p>\n<p>Ads\u00a0<\/p>\n<p>Luni, edilul a fost \u00eentrebat, printre altele, care din cele trei \u00eentreb\u0103ri de la referendum \u015fi-ar dori s\u0103 treac\u0103 mai mult.<\/p>\n<p>\u201eToate trei. Toate trei au fost asumate \u015fi de mine \u015fi de Consiliul General \u015fi ne dorim ca toate trei s\u0103 treac\u0103. (&#8230;) Este \u00eentrebare cu \u00eentrebare. Dac\u0103 trec dou\u0103, cele dou\u0103 vor deveni obligatorii pentru politicieni, pentru autorit\u0103\u0163ile na\u0163ionale\u201d, a precizat Nicu\u015for Dan.<\/p>\n<p>\u00centrebat dac\u0103 nu \u00eel crede pe cuv\u00e2nt pe ministrul Transporturilor, Sorin Grindeanu, care afirmase c\u0103 va da metroul \u00een administrare Prim\u0103riei Capitalei cu tot cu subven\u0163ie, Nicu\u015for Dan a r\u0103spuns: \u201dDeloc. P\u0103i dac\u0103 anul trecut am avut \u015fase miliarde \u015fi anul \u0103sta avem sub cinci miliarde \u015fi dac\u0103 e o fluctua\u0163ie \u00een fiecare an, evident c\u0103 nu am nicio garan\u0163ie c\u0103 o s\u0103 avem banii \u0103\u015ftia. A\u015fa din pix 6% din bugetul nostru s-a dus la Ilfov. Ce garan\u0163ie poate s\u0103-mi dea \u00een condi\u0163iile \u00een care am avut transferul \u0103sta, ce garan\u0163ie poate s\u0103-mi dea c\u0103 nu se va \u00eent\u00e2mpla la fel la an?\u201d.<\/p>\n<p>Ads<\/p>\n<p>Nicu\u015for Dan a mai fost \u00eentrebat c\u00e2t cost\u0103 Prim\u0103ria Capitalei campania de informare pentru referendum.<\/p>\n<p>\u201eVreo \u00eentre 50 \u015fi 60 de mii euro, cam a\u015fa. Cam c\u00e2t o bordur\u0103 pe un kilometru\u201d, a afirmat Nicu\u015for Dan.<\/p>\n<p>Referendumul local din Bucure\u015fti se va desf\u0103\u015fura \u00een 24 noiembrie, la aceea\u015fi dat\u0103 cu primul tur al alegerilor preziden\u0163iale. Sunt trei buletine de vot pentru tot at\u00e2tea \u00eentreb\u0103ri.<\/p>\n<p>\u00a0<\/p>","protected":false},"excerpt":{"rendered":"<p>Edilul Capitalei spune c\u0103, \u00een momentul de fa\u0163\u0103, exist\u0103 \u201edecalaje foarte mari \u00eentre c\u00e2t cheltuie&hellip;<\/p>\n","protected":false},"author":0,"featured_media":9111,"comment_status":"open","ping_status":"open","sticky":false,"template":"","format":"standard","meta":{"footnotes":""},"categories":[2],"tags":[],"class_list":["post-9119","post","type-post","status-publish","format-standard","has-post-thumbnail","hentry","category-actual"],"_links":{"self":[{"href":"https:\/\/247stiri.ro\/index.php\/wp-json\/wp\/v2\/posts\/9119","targetHints":{"allow":["GET"]}}],"collection":[{"href":"https:\/\/247stiri.ro\/index.php\/wp-json\/wp\/v2\/posts"}],"about":[{"href":"https:\/\/247stiri.ro\/index.php\/wp-json\/wp\/v2\/types\/post"}],"replies":[{"embeddable":true,"href":"https:\/\/247stiri.ro\/index.php\/wp-json\/wp\/v2\/comments?post=9119"}],"version-history":[{"count":0,"href":"https:\/\/247stiri.ro\/index.php\/wp-json\/wp\/v2\/posts\/9119\/revisions"}],"wp:featuredmedia":[{"embeddable":true,"href":"https:\/\/247stiri.ro\/index.php\/wp-json\/wp\/v2\/media\/9111"}],"wp:attachment":[{"href":"https:\/\/247stiri.ro\/index.php\/wp-json\/wp\/v2\/media?parent=9119"}],"wp:term":[{"taxonomy":"category","embeddable":true,"href":"https:\/\/247stiri.ro\/index.php\/wp-json\/wp\/v2\/categories?post=9119"},{"taxonomy":"post_tag","embeddable":true,"href":"https:\/\/247stiri.ro\/index.php\/wp-json\/wp\/v2\/tags?post=9119"}],"curies":[{"name":"wp","href":"https:\/\/api.w.org\/{rel}","templated":true}]}}