{"id":9161,"date":"2024-11-20T15:44:48","date_gmt":"2024-11-20T15:44:48","guid":{"rendered":"https:\/\/247stiri.ro\/index.php\/2024\/11\/20\/agentia-nationala-antidrog-ana-se-desfiinteaza-ce-institutie-ar-urma-sa-preia-misiunea-de-a-lupta-contra-stupefiantelor-si-dependentei\/"},"modified":"2024-11-20T15:44:48","modified_gmt":"2024-11-20T15:44:48","slug":"agentia-nationala-antidrog-ana-se-desfiinteaza-ce-institutie-ar-urma-sa-preia-misiunea-de-a-lupta-contra-stupefiantelor-si-dependentei","status":"publish","type":"post","link":"https:\/\/247stiri.ro\/index.php\/2024\/11\/20\/agentia-nationala-antidrog-ana-se-desfiinteaza-ce-institutie-ar-urma-sa-preia-misiunea-de-a-lupta-contra-stupefiantelor-si-dependentei\/","title":{"rendered":"Agen\u0163ia Na\u0163ional\u0103 Antidrog (ANA) se desfiin\u0163eaz\u0103! Ce institu\u021bie ar urma s\u0103 preia misiunea de a lupta contra stupefiantelor \u0219i dependen\u021bei"},"content":{"rendered":"<p>Victoria Stoiciu, consilier de stat la Cancelaria Prim-Ministrului, a anunat desfiin\u021barea ANA la o conferin\u0163\u0103 prilejuit\u0103 de Ziua Interna\u0163ional\u0103 a Drepturilor Copilului, organizat\u0103 la Palatul Parlamentului.<\/p>\n<p>&#8222;Am considerat \u00een urma consult\u0103rilor cu organiza\u0163iile non &#8211; guvernamentale \u015fi cu exper\u0163ii din domeniu c\u0103 este necesar ca ANA s\u0103 treac\u0103 din subordinea Ministerului Afacerilor Interne \u00een subordinea altor dou\u0103 institu\u0163ii. (&#8230;). Detaliile la nivel concret vor fi decise prin Hot\u0103r\u00e2re de Guvern, pe care ne propunem s\u0103 o l\u0103s\u0103m \u00een transparen\u0163\u0103 p\u00e2n\u0103 se \u00eencheie mandatul actualului Guvern&#8221;, a precizat Stoiciu.<\/p>\n<p>Potrivit acesteia, noua agen\u0163ie va fi condus\u0103 de un secretar de stat, care va lucra cu toate celelalte ministere cu atribu\u0163ii \u00een domeniu, scrie\u00a0<a href=\"https:\/\/www.agerpres.ro\/social\/2024\/11\/20\/stoiciu-ana-se-desfiinteaza-in-locul-ei-se-va-infiinta-ancpdda-o-agentie-in-subordinea-prim-ministrului--1389973\" target=\"_blank\">Agerpres.ro.\u00a0<\/a><\/p>\n<p>Oficialul a precizat c\u0103 \u015fi cealalt\u0103 component\u0103 din cadrul ANA, cea de preven\u0163ie, va trece \u00een subordinea Ministerului S\u0103n\u0103t\u0103\u0163i.<\/p>","protected":false},"excerpt":{"rendered":"<p>Victoria Stoiciu, consilier de stat la Cancelaria Prim-Ministrului, a anunat desfiin\u021barea ANA la o conferin\u0163\u0103&hellip;<\/p>\n","protected":false},"author":0,"featured_media":9162,"comment_status":"open","ping_status":"open","sticky":false,"template":"","format":"standard","meta":{"footnotes":""},"categories":[2],"tags":[],"class_list":["post-9161","post","type-post","status-publish","format-standard","has-post-thumbnail","hentry","category-actual"],"_links":{"self":[{"href":"https:\/\/247stiri.ro\/index.php\/wp-json\/wp\/v2\/posts\/9161","targetHints":{"allow":["GET"]}}],"collection":[{"href":"https:\/\/247stiri.ro\/index.php\/wp-json\/wp\/v2\/posts"}],"about":[{"href":"https:\/\/247stiri.ro\/index.php\/wp-json\/wp\/v2\/types\/post"}],"replies":[{"embeddable":true,"href":"https:\/\/247stiri.ro\/index.php\/wp-json\/wp\/v2\/comments?post=9161"}],"version-history":[{"count":0,"href":"https:\/\/247stiri.ro\/index.php\/wp-json\/wp\/v2\/posts\/9161\/revisions"}],"wp:featuredmedia":[{"embeddable":true,"href":"https:\/\/247stiri.ro\/index.php\/wp-json\/wp\/v2\/media\/9162"}],"wp:attachment":[{"href":"https:\/\/247stiri.ro\/index.php\/wp-json\/wp\/v2\/media?parent=9161"}],"wp:term":[{"taxonomy":"category","embeddable":true,"href":"https:\/\/247stiri.ro\/index.php\/wp-json\/wp\/v2\/categories?post=9161"},{"taxonomy":"post_tag","embeddable":true,"href":"https:\/\/247stiri.ro\/index.php\/wp-json\/wp\/v2\/tags?post=9161"}],"curies":[{"name":"wp","href":"https:\/\/api.w.org\/{rel}","templated":true}]}}