{"id":9163,"date":"2024-11-20T15:44:49","date_gmt":"2024-11-20T15:44:49","guid":{"rendered":"https:\/\/247stiri.ro\/index.php\/2024\/11\/20\/maniacul-cu-ochi-albastri-din-iasi-a-ajuns-la-psihiatrie-dupa-ce-a-terorizat-numeroase-tinere\/"},"modified":"2024-11-20T15:44:49","modified_gmt":"2024-11-20T15:44:49","slug":"maniacul-cu-ochi-albastri-din-iasi-a-ajuns-la-psihiatrie-dupa-ce-a-terorizat-numeroase-tinere","status":"publish","type":"post","link":"https:\/\/247stiri.ro\/index.php\/2024\/11\/20\/maniacul-cu-ochi-albastri-din-iasi-a-ajuns-la-psihiatrie-dupa-ce-a-terorizat-numeroase-tinere\/","title":{"rendered":"\u201eManiacul cu ochi alba\u0219tri\u201d din Ia\u0219i a ajuns la Psihiatrie, dup\u0103 ce a terorizat numeroase tinere"},"content":{"rendered":"<p>\u201eAv\u00e2nd \u00een vedere informa\u021biile ap\u0103rute \u00een spa\u021biul public, referitoare la un b\u0103rbat care ar urm\u0103ri \u0219i acosta femei, pe raza municipiului Ia\u0219i, preciz\u0103m urm\u0103toarele:<\/p>\n<p>La data de 19 noiembrie a.c., \u00eentruc\u00e2t la nivelul Poli\u021biei Municipiului Ia\u0219i nu a fost identificat\u0103 nicio pl\u00e2ngere cu privire la aceste fapte, poli\u021bi\u0219tii Inspectoratului de Poli\u021bie Jude\u021bean Ia\u0219i s-au autosesizat \u0219i au demarat efectuarea de verific\u0103ri, pentru stabilirea \u00eentregii situa\u021bii de fapt \u0219i luarea m\u0103surilor legale ce se impun.<\/p>\n<p>Totodat\u0103, \u00een diminea\u021ba zilei de 20 noiembrie a.c., poli\u021bi\u0219tii au fost sesiza\u021bi de o femeie, cu privire la faptul c\u0103, \u00een timp ce se afla pe raza municipiului Ia\u0219i, ar fi fost abordat\u0103, iar ulterior urm\u0103rit\u0103 \u0219i amenin\u021bat\u0103 de c\u0103tre un b\u0103rbat.<\/p>\n<p>Poli\u021bi\u0219tii s-au deplasat de \u00eendat\u0103 la fa\u021ba locului, unde au identificat b\u0103rbatul de 45 de ani, acesta fiind condus la sediul poli\u021biei.<\/p>\n<p>\u00cen cauz\u0103 a fost \u00eentocmit dosar penal sub aspectul s\u0103v\u00e2r\u0219irii infrac\u021biunii de amenin\u021bare, iar b\u0103rbatul a fost internat \u00eentr-o unitate medical\u0103, din municipiul Ia\u0219i, pentru \u00eengrijiri de specialitate.<\/p>\n<p>De asemenea, \u00eentruc\u00e2t exemplarul canin care \u00eel \u00eenso\u021bea pe b\u0103rbat nu face parte din categoria c\u00e2inilor periculo\u0219i, acesta a fost predat unui membru de familie al b\u0103rbatului.<\/p>\n<p>Persoanele care au fost victimele unor fapte ce ar fi fost s\u0103v\u00e2r\u0219ite de acest b\u0103rbat, sunt rugate s\u0103 se adreseze poli\u021biei, \u00een vederea lu\u0103rii m\u0103surilor legale fa\u021b\u0103 de acesta\u201d, a transmis IPJ Ia\u0219i.<\/p>","protected":false},"excerpt":{"rendered":"<p>\u201eAv\u00e2nd \u00een vedere informa\u021biile ap\u0103rute \u00een spa\u021biul public, referitoare la un b\u0103rbat care ar urm\u0103ri&hellip;<\/p>\n","protected":false},"author":0,"featured_media":9164,"comment_status":"open","ping_status":"open","sticky":false,"template":"","format":"standard","meta":{"footnotes":""},"categories":[2],"tags":[],"class_list":["post-9163","post","type-post","status-publish","format-standard","has-post-thumbnail","hentry","category-actual"],"_links":{"self":[{"href":"https:\/\/247stiri.ro\/index.php\/wp-json\/wp\/v2\/posts\/9163","targetHints":{"allow":["GET"]}}],"collection":[{"href":"https:\/\/247stiri.ro\/index.php\/wp-json\/wp\/v2\/posts"}],"about":[{"href":"https:\/\/247stiri.ro\/index.php\/wp-json\/wp\/v2\/types\/post"}],"replies":[{"embeddable":true,"href":"https:\/\/247stiri.ro\/index.php\/wp-json\/wp\/v2\/comments?post=9163"}],"version-history":[{"count":0,"href":"https:\/\/247stiri.ro\/index.php\/wp-json\/wp\/v2\/posts\/9163\/revisions"}],"wp:featuredmedia":[{"embeddable":true,"href":"https:\/\/247stiri.ro\/index.php\/wp-json\/wp\/v2\/media\/9164"}],"wp:attachment":[{"href":"https:\/\/247stiri.ro\/index.php\/wp-json\/wp\/v2\/media?parent=9163"}],"wp:term":[{"taxonomy":"category","embeddable":true,"href":"https:\/\/247stiri.ro\/index.php\/wp-json\/wp\/v2\/categories?post=9163"},{"taxonomy":"post_tag","embeddable":true,"href":"https:\/\/247stiri.ro\/index.php\/wp-json\/wp\/v2\/tags?post=9163"}],"curies":[{"name":"wp","href":"https:\/\/api.w.org\/{rel}","templated":true}]}}