{"id":9170,"date":"2024-11-20T15:44:49","date_gmt":"2024-11-20T15:44:49","guid":{"rendered":"https:\/\/247stiri.ro\/index.php\/2024\/11\/20\/accident-grav-la-o-ferma-din-romania-un-barbat-de-49-de-ani-a-fost-gasit-inconstient\/"},"modified":"2024-11-20T15:44:49","modified_gmt":"2024-11-20T15:44:49","slug":"accident-grav-la-o-ferma-din-romania-un-barbat-de-49-de-ani-a-fost-gasit-inconstient","status":"publish","type":"post","link":"https:\/\/247stiri.ro\/index.php\/2024\/11\/20\/accident-grav-la-o-ferma-din-romania-un-barbat-de-49-de-ani-a-fost-gasit-inconstient\/","title":{"rendered":"Accident GRAV la o ferm\u0103 din Rom\u00e2nia! Un b\u0103rbat de 49 de ani a fost g\u0103sit incon\u0219tient"},"content":{"rendered":"<p>Conform autorit\u0103\u021bilor, b\u0103rbatul a c\u0103zut de la o \u00een\u0103l\u021bime de aproximativ 2,5 metri \u00een timp ce lucra cu un cilindru compactor \u00eentr-o ferm\u0103 din localitatea Budacu de Jos.<\/p>\n<p>Ce au transmis medicii ajun\u0219i la fa\u021ba locului<\/p>\n<p><a href=\"https:\/\/www.realitatea.net\/stiri\/actual\/o-macara-sa-rasturnat-in-extravilanul-localitatii-nou-sasesc-operatorul-utilajului-a-fost-luat-cu-elicopterul-smurd_66bf8d311f576a44785eb972\" target=\"_blank\">\u00cen urma impactului,<\/a> victima a fost g\u0103sit\u0103 incon\u015ftient\u0103 \u0219i \u00een stop cardio-respirator de echipele de salvare care au intervenit prompt. Pompierii de la ISU Bistri\u0163a-N\u0103s\u0103ud au aplicat protocolul de resuscitare, iar dup\u0103 aproximativ 20 de minute de manevre, b\u0103rbatul a reac\u021bionat \u0219i a fost transportat de urgen\u0163\u0103 la spitalul din Bistri\u0163a.<\/p>\n<p>Potrivit informa\u021biilor furnizate de autorit\u0103\u021bi, b\u0103rbatul a suferit un traumatism cranian sever, iar starea sa r\u0103m\u00e2ne grav\u0103. Poli\u0163ia \u015fi inspectorii ITM au \u00eenceput o anchet\u0103 pentru a stabili circumstan\u021bele exacte \u00een care a avut loc accidentul de munc\u0103.<\/p>\n<p><a href=\"https:\/\/www.realitatea.net\/stiri\/extern\/muncitor-sezonier-decedat-in-urma-unui-accident-de-munca-patronii-lau-abandonat-cu-bratul-taiat_667335d72bd03e665a1834da\" target=\"_blank\">Incidentul a fost raportat<\/a> de c\u0103tre poli\u0163i\u015ftii Sec\u0163iei 1 Poli\u0163ie Rural\u0103 Bistri\u0163a, care au precizat c\u0103, \u00een momentul accidentului, victima era angajat\u0103 la o societate comercial\u0103 \u0219i desf\u0103\u0219ura activit\u0103\u021bi specifice pe utilajul respectiv. Verific\u0103rile continu\u0103 pentru a clarifica toate aspectele legate de acest caz.<\/p>\n<p>\u201eAst\u0103zi, 20 noiembrie, poli\u0163i\u015ftii Sec\u0163iei 1 Poli\u0163ie Rural\u0103 Bistri\u0163a au intervenit pentru efectuarea cercet\u0103rilor, ca urmare a producerii unui accident \u00een localitatea Budacu de Jos. Din primele date, un b\u0103rbat de 49 de ani din Bistri\u0163a, angajat al unei societ\u0103\u021bi comerciale, \u00een timp desf\u0103\u0219ura activit\u0103\u0163i cu un cilindru compactor, \u00een incinta unei ferme din Budacu de Jos, ar fi c\u0103zut de la o \u00een\u0103l\u0163ime de aproximativ 2,5 metri\u201d, a transmis, miercuri, IPJ Bistri\u0163a-N\u0103s\u0103ud.<\/p>","protected":false},"excerpt":{"rendered":"<p>Conform autorit\u0103\u021bilor, b\u0103rbatul a c\u0103zut de la o \u00een\u0103l\u021bime de aproximativ 2,5 metri \u00een timp&hellip;<\/p>\n","protected":false},"author":0,"featured_media":9171,"comment_status":"open","ping_status":"open","sticky":false,"template":"","format":"standard","meta":{"footnotes":""},"categories":[2],"tags":[],"class_list":["post-9170","post","type-post","status-publish","format-standard","has-post-thumbnail","hentry","category-actual"],"_links":{"self":[{"href":"https:\/\/247stiri.ro\/index.php\/wp-json\/wp\/v2\/posts\/9170","targetHints":{"allow":["GET"]}}],"collection":[{"href":"https:\/\/247stiri.ro\/index.php\/wp-json\/wp\/v2\/posts"}],"about":[{"href":"https:\/\/247stiri.ro\/index.php\/wp-json\/wp\/v2\/types\/post"}],"replies":[{"embeddable":true,"href":"https:\/\/247stiri.ro\/index.php\/wp-json\/wp\/v2\/comments?post=9170"}],"version-history":[{"count":0,"href":"https:\/\/247stiri.ro\/index.php\/wp-json\/wp\/v2\/posts\/9170\/revisions"}],"wp:featuredmedia":[{"embeddable":true,"href":"https:\/\/247stiri.ro\/index.php\/wp-json\/wp\/v2\/media\/9171"}],"wp:attachment":[{"href":"https:\/\/247stiri.ro\/index.php\/wp-json\/wp\/v2\/media?parent=9170"}],"wp:term":[{"taxonomy":"category","embeddable":true,"href":"https:\/\/247stiri.ro\/index.php\/wp-json\/wp\/v2\/categories?post=9170"},{"taxonomy":"post_tag","embeddable":true,"href":"https:\/\/247stiri.ro\/index.php\/wp-json\/wp\/v2\/tags?post=9170"}],"curies":[{"name":"wp","href":"https:\/\/api.w.org\/{rel}","templated":true}]}}