{"id":9182,"date":"2024-11-20T16:47:20","date_gmt":"2024-11-20T16:47:20","guid":{"rendered":"https:\/\/247stiri.ro\/index.php\/2024\/11\/20\/medaliat-cu-bronz-la-un-campionat-mondial-de-atletism-arestat-preventiv-pentru-trafic-de-droguri-la-turda\/"},"modified":"2024-11-20T16:47:20","modified_gmt":"2024-11-20T16:47:20","slug":"medaliat-cu-bronz-la-un-campionat-mondial-de-atletism-arestat-preventiv-pentru-trafic-de-droguri-la-turda","status":"publish","type":"post","link":"https:\/\/247stiri.ro\/index.php\/2024\/11\/20\/medaliat-cu-bronz-la-un-campionat-mondial-de-atletism-arestat-preventiv-pentru-trafic-de-droguri-la-turda\/","title":{"rendered":"Medaliat cu bronz la un Campionat Mondial de atletism, arestat preventiv pentru trafic de droguri la Turda"},"content":{"rendered":"<p>La data de \u00a020 noiembrie 2024, procurorii Direc\u021biei de Investigare a Infrac\u021biunilor de Criminalitate Organizat\u0103 \u0219i Terorism \u2013 Serviciul Teritorial Alba Iulia au dispus re\u021binerea a 2 inculpa\u021bi, cu v\u00e2rstele de 24 \u0219i 37 de ani, \u00a0cerceta\u021bi pentru s\u0103v\u00e2r\u0219irea infrac\u021biunii de efectuare, f\u0103r\u0103 drept, de opera\u0163iuni cu produse \u015ftiind c\u0103 acestea sunt susceptibile de a avea efecte psihoactive, f\u0103r\u0103 a de\u0163ine autoriza\u0163ie eliberat\u0103 \u00een condi\u0163iile legii. \u00cen sarcina inculpatului de 24 de ani s-a re\u021binut \u0219i comiterea infrac\u021biunii de trafic de droguri de mare risc&#8221;, potrivit <a href=\"https:\/\/turdanews.net\/cine-s-cele-doua-persoane-retinute-ieri-la-turda-cu-droguri-in-zona-poiana-unul-este-fost-atlet-de-performanta-video\/\" target=\"_blank\">Turda News.<\/a><\/p>\n<p>Tribunalul Alba a decis arestarea preventiv\u0103 a celor doi infractori prin\u0219i \u00een flagrant. Ei au solicitat\u00a0\u201darest la domiciliu\u201d, cerere care le-a fost respins\u0103.<\/p>\n<p>\u201dAdmite propunerea Ministerului Public \u2013 D.I.I.C.O.T \u2013Serviciul Teritorial Alba Iulia cu privire la inculpa\u021bii Buc\u0219a Andreas Samuel \u0219i Costa Adrian R\u0103zvan \u015fi, \u00een consecin\u0163\u0103:<\/p>\n<p>\u00cen baza art. 226 Cod procedur\u0103 penal\u0103 raportat la art. 202 alin. 1, 3 \u015fi 4 lit. e) Cod procedur\u0103 penal\u0103 \u015fi art. 223 alin. 2 Cod procedur\u0103 penal\u0103, dispune arestarea preventiv\u0103 a inculpa\u021bilor:<\/p>\n<p>\u2013 BUC\u0218A ANDREAS SAMUEL, \u2026\u2026, \u00een prezent aflat \u00een Centrul de Re\u021binere \u0219i Arest Preventiv \u2013 IPJ Alba, cercetat pentru s\u0103v\u00e2r\u0219irea infrac\u021biunilor de oferire, punere \u00een v\u00e2nzare, v\u00e2nzare, distribuire, livrare cu orice titlu, trimitere, transport, procurare, cump\u0103rare, de\u0163inere ori alte opera\u0163iuni privind circula\u0163ia drogurilor de mare risc, f\u0103r\u0103 drept, (\u2026) \u0219i de efectuare, f\u0103r\u0103 drept, de opera\u0163iuni cu produse \u015ftiind c\u0103 acestea sunt susceptibile de a avea efecte psihoactive, f\u0103r\u0103 a de\u0163ine autoriza\u0163ie eliberat\u0103 \u00een condi\u0163iile legii, (\u2026) pe o durat\u0103 de 30 de zile, \u00eencep\u00e2nd cu data de 20.11.2024 \u0219i p\u00e2n\u0103 \u00een data de 19.12.2024 inclusiv. (\u2026) Respinge cererea inculpatului privind luarea m\u0103surii arestului la domiciliu.<\/p>\n<p>\u2013 COSTA ADRIAN R\u0102ZVAN, \u2026\u2026, \u00een prezent aflat \u00een Centrul de Re\u021binere \u0219i Arest Preventiv \u2013 IPJ Alba, cercetat pentru s\u0103v\u00e2r\u0219irea infrac\u021biunii de efectuare, f\u0103r\u0103 drept, de opera\u0163iuni cu produse \u015ftiind c\u0103 acestea sunt susceptibile de a avea efecte psihoactive, f\u0103r\u0103 a de\u0163ine autoriza\u0163ie eliberat\u0103 \u00een condi\u0163iile legii, (\u2026) pe o durat\u0103 de 30 de zile, \u00eencep\u00e2nd cu data de 20.11.2024 \u0219i p\u00e2n\u0103 \u00een data de 19.12.2024 inclusiv. (\u2026) Respinge cererea inculpatului privind luarea m\u0103surii arestului la domiciliu.\u201d, a fost\u00a0<a href=\"https:\/\/portal.just.ro\/107\/SitePages\/Dosar.aspx?id_dosar=10700000000146197&amp;id_inst=107\" target=\"_blank\">decizia Tribunalului Alba<\/a>, luat\u0103 azi, \u00een jurul amiezii.<\/p>\n<p>\u00a0<\/p>\n<p>Samuel Buc\u0219a este un fost sportiv de performan\u021b\u0103, \u00een perioada junioratului. Sub influen\u021ba negativ\u0103 a anturajului, a abandonat sportul, iar ieri a fost prin \u00een flagrant cu droguri, risc\u00e2nd astfel ani buni de \u00eenchisoare \u0219i un viitor distrus.<\/p>\n<p>\u00a0<\/p>","protected":false},"excerpt":{"rendered":"<p>La data de \u00a020 noiembrie 2024, procurorii Direc\u021biei de Investigare a Infrac\u021biunilor de Criminalitate Organizat\u0103&hellip;<\/p>\n","protected":false},"author":0,"featured_media":9183,"comment_status":"open","ping_status":"open","sticky":false,"template":"","format":"standard","meta":{"footnotes":""},"categories":[2],"tags":[],"class_list":["post-9182","post","type-post","status-publish","format-standard","has-post-thumbnail","hentry","category-actual"],"_links":{"self":[{"href":"https:\/\/247stiri.ro\/index.php\/wp-json\/wp\/v2\/posts\/9182","targetHints":{"allow":["GET"]}}],"collection":[{"href":"https:\/\/247stiri.ro\/index.php\/wp-json\/wp\/v2\/posts"}],"about":[{"href":"https:\/\/247stiri.ro\/index.php\/wp-json\/wp\/v2\/types\/post"}],"replies":[{"embeddable":true,"href":"https:\/\/247stiri.ro\/index.php\/wp-json\/wp\/v2\/comments?post=9182"}],"version-history":[{"count":0,"href":"https:\/\/247stiri.ro\/index.php\/wp-json\/wp\/v2\/posts\/9182\/revisions"}],"wp:featuredmedia":[{"embeddable":true,"href":"https:\/\/247stiri.ro\/index.php\/wp-json\/wp\/v2\/media\/9183"}],"wp:attachment":[{"href":"https:\/\/247stiri.ro\/index.php\/wp-json\/wp\/v2\/media?parent=9182"}],"wp:term":[{"taxonomy":"category","embeddable":true,"href":"https:\/\/247stiri.ro\/index.php\/wp-json\/wp\/v2\/categories?post=9182"},{"taxonomy":"post_tag","embeddable":true,"href":"https:\/\/247stiri.ro\/index.php\/wp-json\/wp\/v2\/tags?post=9182"}],"curies":[{"name":"wp","href":"https:\/\/api.w.org\/{rel}","templated":true}]}}