{"id":9214,"date":"2024-11-20T18:46:13","date_gmt":"2024-11-20T18:46:13","guid":{"rendered":"https:\/\/247stiri.ro\/index.php\/2024\/11\/20\/george-simion-locuieste-in-chirie-alaturi-de-sotia-si-copilul-lor-incredibil-ce-are-in-frigider-liderul-aur-scap-de-oboseala-in-5-zile\/"},"modified":"2024-11-20T18:46:13","modified_gmt":"2024-11-20T18:46:13","slug":"george-simion-locuieste-in-chirie-alaturi-de-sotia-si-copilul-lor-incredibil-ce-are-in-frigider-liderul-aur-scap-de-oboseala-in-5-zile","status":"publish","type":"post","link":"https:\/\/247stiri.ro\/index.php\/2024\/11\/20\/george-simion-locuieste-in-chirie-alaturi-de-sotia-si-copilul-lor-incredibil-ce-are-in-frigider-liderul-aur-scap-de-oboseala-in-5-zile\/","title":{"rendered":"George Simion locuie\u0219te \u00een chirie al\u0103turi de so\u021bia \u0219i copilul lor. Incredibil ce are \u00een frigider liderul AUR: \u201eScap de oboseal\u0103 \u00een 5 zile\u201d"},"content":{"rendered":"<p>George Simion invit\u0103 publicul la o privire intim\u0103 asupra vie\u021bii sale personale, \u00een apartamentul modest din Bucure\u0219ti, unde locuie\u0219te \u00eempreun\u0103 cu so\u021bia, Ilinca, \u0219i fiul lor, R\u0103ducu. De\u0219i locuie\u0219te \u00eentr-un apartament de 52 de metri p\u0103tra\u021bi \u00een chirie, Simion subliniaz\u0103 c\u0103 familia sa este fericit\u0103 \u0219i nu are nimic de ascuns, r\u0103spunz\u00e2nd astfel acuza\u021biilor recente privind presupusa sa leg\u0103tur\u0103 cu spionajul rus.<\/p>\n<p>\u00cen cadrul vizitei,<a href=\"https:\/\/www.realitatea.net\/stiri\/politica\/george-simion-prezinta-in-premiera-apartamentul-de-50-de-metri-patrati-in-care-locuieste-alaturi-de-sotia-sa-si-fiul-sau-mesajul-transmis-de-liderul-aur_673a048f9fdb7c288a6047c2\" target=\"_blank\"> Simion a deschis u\u0219a locuin\u021bei sale<\/a> \u0219i a invitat echipa unui celebru post TV s\u0103 vad\u0103 cum tr\u0103ie\u0219te, f\u0103r\u0103 a ascunde nimic. \u00cen ciuda faptului c\u0103 nu de\u021bine o locuin\u021b\u0103 proprie, el \u0219i familia sa se simt bine \u00een spa\u021biul lor, iar chiria este acoperit\u0103 de statutul s\u0103u de parlamentar.<\/p>\n<p>Ce g\u0103sim \u00een frigiderul lui George Simion?<\/p>\n<p>\u00cen cadrul vizitei, Simion nu a ezitat s\u0103-i ofere jurnalistului o mas\u0103 \u00een familie. Av\u00e2nd \u00een vedere c\u0103 ace\u0219tia \u021bin Postul Cr\u0103ciunului, frigiderul \u0219i buc\u0103t\u0103ria lor sunt pline cu m\u00e2nc\u0103ruri de post. Meniul a inclus toc\u0103ni\u021b\u0103 de cartofi \u0219i ardei cop\u021bi. Cu permisiunea gazdei, \u00a0echipa TV a deschis frigiderul \u0219i a constatat cu umor c\u0103 nu g\u0103se\u0219te delicatese extravagante, precum icre de Manciuria, ci doar produse simple \u0219i s\u0103n\u0103toase.<\/p>\n<p><a href=\"https:\/\/www.realitatea.net\/stiri\/actual\/george-simion-nu-vrea-sa-bage-romania-in-zona-euro-nici-guvernatorul-bnr-nusi-doreste_673b90fc39ef2f3ff1551b43\" target=\"_blank\">\u00cen frigiderul liderului AUR<\/a> se g\u0103se\u0219te br\u00e2nz\u0103, lapte, pate vegetal, salat\u0103 de vinete \u0219i\u2026 secretul energiei de care beneficiaz\u0103 George Simion: un amestec de miere \u0219i c\u0103tin\u0103. Acesta i-a fost oferit de un prieten al liderului AUR, care are o stupin\u0103 \u00een Alba Iulia. Simion a explicat c\u0103 acest amestec natural \u00eel ajut\u0103 s\u0103 scape de oboseal\u0103 \u00een doar c\u00e2teva zile.<\/p>\n<p>\u201eAm de toate \u00een frigider, am mul\u021bi prieteni care mi-au dat br\u00e2nz\u0103, \u00eemi place mult pate vegeta \u00een perioada asta de post, am energizant. Am un prieten care are o stupin\u0103 la Alba Iulia, scap de oboseal\u0103 \u00een 5 zile. C\u0103tin\u0103 cu miere \u0219i este o solu\u021bie de energizant plus cu p\u0103stur\u0103, numai chestii naturale. Uite de aici am energie. Mai am br\u00e2nz\u0103 pentru Radu. \u00cemi trebuie ceva mai mult? Nu. Am de toate. Nu e cine \u0219tie ce la noi, dar noi suntem bine, suntem ferici\u021bi.\u201d, a spus politicianul \u00een cadrul unui post TV de \u0219tiri.<\/p>","protected":false},"excerpt":{"rendered":"<p>George Simion invit\u0103 publicul la o privire intim\u0103 asupra vie\u021bii sale personale, \u00een apartamentul modest&hellip;<\/p>\n","protected":false},"author":0,"featured_media":9215,"comment_status":"open","ping_status":"open","sticky":false,"template":"","format":"standard","meta":{"footnotes":""},"categories":[3],"tags":[],"class_list":["post-9214","post","type-post","status-publish","format-standard","has-post-thumbnail","hentry","category-politica"],"_links":{"self":[{"href":"https:\/\/247stiri.ro\/index.php\/wp-json\/wp\/v2\/posts\/9214","targetHints":{"allow":["GET"]}}],"collection":[{"href":"https:\/\/247stiri.ro\/index.php\/wp-json\/wp\/v2\/posts"}],"about":[{"href":"https:\/\/247stiri.ro\/index.php\/wp-json\/wp\/v2\/types\/post"}],"replies":[{"embeddable":true,"href":"https:\/\/247stiri.ro\/index.php\/wp-json\/wp\/v2\/comments?post=9214"}],"version-history":[{"count":0,"href":"https:\/\/247stiri.ro\/index.php\/wp-json\/wp\/v2\/posts\/9214\/revisions"}],"wp:featuredmedia":[{"embeddable":true,"href":"https:\/\/247stiri.ro\/index.php\/wp-json\/wp\/v2\/media\/9215"}],"wp:attachment":[{"href":"https:\/\/247stiri.ro\/index.php\/wp-json\/wp\/v2\/media?parent=9214"}],"wp:term":[{"taxonomy":"category","embeddable":true,"href":"https:\/\/247stiri.ro\/index.php\/wp-json\/wp\/v2\/categories?post=9214"},{"taxonomy":"post_tag","embeddable":true,"href":"https:\/\/247stiri.ro\/index.php\/wp-json\/wp\/v2\/tags?post=9214"}],"curies":[{"name":"wp","href":"https:\/\/api.w.org\/{rel}","templated":true}]}}