{"id":9217,"date":"2024-11-20T18:46:14","date_gmt":"2024-11-20T18:46:14","guid":{"rendered":"https:\/\/247stiri.ro\/index.php\/2024\/11\/20\/medici-de-la-un-mare-spital-din-iasi-banuiti-ca-se-drogau-in-timpul-garzilor-cei-doi-sunt-vizati-de-o-ancheta-diicot\/"},"modified":"2024-11-20T18:46:14","modified_gmt":"2024-11-20T18:46:14","slug":"medici-de-la-un-mare-spital-din-iasi-banuiti-ca-se-drogau-in-timpul-garzilor-cei-doi-sunt-vizati-de-o-ancheta-diicot","status":"publish","type":"post","link":"https:\/\/247stiri.ro\/index.php\/2024\/11\/20\/medici-de-la-un-mare-spital-din-iasi-banuiti-ca-se-drogau-in-timpul-garzilor-cei-doi-sunt-vizati-de-o-ancheta-diicot\/","title":{"rendered":"Medici de la un mare spital din Ia\u0219i, b\u0103nui\u021bi c\u0103 se drogau \u00een timpul g\u0103rzilor. Cei doi sunt viza\u021bi de o anchet\u0103 DIICOT"},"content":{"rendered":"<p>Cei doi medici reziden\u021bi sunt specializa\u021bi \u00een gastroenterologie, unul dintre ei fiind \u0219i asistent universitar la Universitatea de Medicin\u0103 \u0219i Farmacie \u201eGrigore T. Popa\u201d, din Ia\u0219i.<\/p>\n<p>Conform unor surse din interiorul spitalului, citate de Realitatea Plus, asupra celor doi medici plana de mult\u0103 vreme suspiciunea c\u0103 ar consuma frecvent droguri de mare risc.<\/p>\n<p>Cei doi figureaz\u0103 \u0219i \u00een luna noiembrie \u00een programul de g\u0103rzi.<\/p>\n<p>Cei doi medici au fost depista\u021bi \u00een cadrul amplei ac\u021biuni antidrog care s-a derulat, luni, \u00een Ia\u0219i \u0219i alte mari ora\u0219e.<\/p>\n<p><a title='Operatiunea \"Scoala\". 29 de persoane acuzate ca vindeau DROGURI catre elevi au fost retinute. Printre ele sunt si minori ' href=\"https:\/\/www.realitatea.net\/stiri\/actual\/operatiunea-scoala-29-de-persoane-acuzate-ca-vindeau-droguri-catre-elevi-retinute-printre-ele-sunt-si-minori_673d8b0ba3099b41660be961\">Opera\u0163iunea \u201d\u015ecoala\u201d. 29 de persoane acuzate c\u0103 vindeau DROGURI c\u0103tre elevi au fost re\u021binute. Printre ele sunt \u0219i minori<\/a><\/p>\n<p><a title=\"Medaliat cu bronz la un Campionat Mondial de atletism, arestat preventiv pentru trafic de droguri la Turda\" href=\"https:\/\/www.realitatea.net\/stiri\/actual\/medaliat-cu-bronz-la-un-campionat-mondial-de-atletism-aresta-preventiv-pentru-trafic-de-droguri-la-turda_673e0c263f5ee104b45a64e2\">Medaliat cu bronz la un Campionat Mondial de atletism, arestat preventiv pentru trafic de droguri la Turda<\/a><\/p>","protected":false},"excerpt":{"rendered":"<p>Cei doi medici reziden\u021bi sunt specializa\u021bi \u00een gastroenterologie, unul dintre ei fiind \u0219i asistent universitar&hellip;<\/p>\n","protected":false},"author":0,"featured_media":9218,"comment_status":"open","ping_status":"open","sticky":false,"template":"","format":"standard","meta":{"footnotes":""},"categories":[2],"tags":[],"class_list":["post-9217","post","type-post","status-publish","format-standard","has-post-thumbnail","hentry","category-actual"],"_links":{"self":[{"href":"https:\/\/247stiri.ro\/index.php\/wp-json\/wp\/v2\/posts\/9217","targetHints":{"allow":["GET"]}}],"collection":[{"href":"https:\/\/247stiri.ro\/index.php\/wp-json\/wp\/v2\/posts"}],"about":[{"href":"https:\/\/247stiri.ro\/index.php\/wp-json\/wp\/v2\/types\/post"}],"replies":[{"embeddable":true,"href":"https:\/\/247stiri.ro\/index.php\/wp-json\/wp\/v2\/comments?post=9217"}],"version-history":[{"count":0,"href":"https:\/\/247stiri.ro\/index.php\/wp-json\/wp\/v2\/posts\/9217\/revisions"}],"wp:featuredmedia":[{"embeddable":true,"href":"https:\/\/247stiri.ro\/index.php\/wp-json\/wp\/v2\/media\/9218"}],"wp:attachment":[{"href":"https:\/\/247stiri.ro\/index.php\/wp-json\/wp\/v2\/media?parent=9217"}],"wp:term":[{"taxonomy":"category","embeddable":true,"href":"https:\/\/247stiri.ro\/index.php\/wp-json\/wp\/v2\/categories?post=9217"},{"taxonomy":"post_tag","embeddable":true,"href":"https:\/\/247stiri.ro\/index.php\/wp-json\/wp\/v2\/tags?post=9217"}],"curies":[{"name":"wp","href":"https:\/\/api.w.org\/{rel}","templated":true}]}}