{"id":9219,"date":"2024-11-20T18:46:14","date_gmt":"2024-11-20T18:46:14","guid":{"rendered":"https:\/\/247stiri.ro\/index.php\/2024\/11\/20\/nicolae-ciuca-ma-scot-din-sarite-smecheria-si-golania\/"},"modified":"2024-11-20T18:46:14","modified_gmt":"2024-11-20T18:46:14","slug":"nicolae-ciuca-ma-scot-din-sarite-smecheria-si-golania","status":"publish","type":"post","link":"https:\/\/247stiri.ro\/index.php\/2024\/11\/20\/nicolae-ciuca-ma-scot-din-sarite-smecheria-si-golania\/","title":{"rendered":"Nicolae Ciuc\u0103: \u201eM\u0103 scot din s\u0103rite \u0219mecheria \u0219i gol\u0103nia\u201d"},"content":{"rendered":"<p>Nicolae Ciuc\u0103 a conturat o imagine a liderului ca fiind mai degrab\u0103 un slujitor al poporului dec\u00e2t un c\u0103ut\u0103tor al gloriei personale. Vorbele sale rezoneaz\u0103 cu o comunitate care a\u0219teapt\u0103 un lider dedicat \u0219i capabil s\u0103 ghideze na\u021biunea \u00een vremuri dificile.<\/p>\n<p>\u201eUn lider este acel om care inspir\u0103. Este acel om care \u00ee\u0219i asum\u0103 o responsabilitate f\u0103r\u0103 s\u0103 \u00eei plac\u0103 puterea\u201d, a spus liderul liberalilor \u00een cadrul unui interviu .<\/p>\n<p>De asemenea, Ciuc\u0103 a subliniat puterea curajului: \u201eCurajul \u00eenseamn\u0103 s\u0103-\u021bi fie fric\u0103, iar \u00een final s\u0103 faci lucrul de care \u00ee\u021bi este fric\u0103.\u201d Cu acest mesaj, el \u0219i-a propus s\u0103 \u00eencurajeze tinerii s\u0103 dep\u0103\u0219easc\u0103 fricile \u0219i incertitudinile, promi\u021b\u00e2nd o Rom\u00e2nie stabil\u0103 \u0219i prosper\u0103, unde tinerii s\u0103 nu mai simt\u0103 nevoia de a emigra: \u201e\u00cemi doresc s\u0103 las o Rom\u00e2nie a\u0219ezat\u0103, o Rom\u00e2nie din care s\u0103 nu mai plece tinerii\u201d, a mai spus liderul liberalilor.<\/p>\n<p>Un alt subiect de mare relevan\u021b\u0103 pe agenda lui Ciuc\u0103 este situa\u021bia Ucrainei. \u201eCine nu dore\u0219te ca Ucraina s\u0103 c\u00e2\u0219tige, \u00eenseamn\u0103 c\u0103 nu dore\u0219te pace, \u00eenseamn\u0103 c\u0103 dore\u0219te s\u0103 lase Rusia \u00een pace.\u201d Acesta subliniaz\u0103 o pozi\u021bie clar\u0103 \u00een favoarea unui viitor \u00een care democra\u021bia \u0219i suveranitatea sunt respectate.<\/p>\n<p>\u00cen privin\u021ba modific\u0103rii Constitu\u021biei, Ciuc\u0103 a adus un avertisment: \u201e\u00cen momentul de fa\u021b\u0103 avem lucruri mai importante de f\u0103cut&#8230; consider c\u0103 este important s\u0103 \u00eenv\u0103\u021b\u0103m \u0219i s\u0103 continu\u0103m s\u0103 respect\u0103m Constitu\u021bia \u00eenainte de a o schimba.\u201d\u00a0<\/p>\n<p>Un alt punct important a fost referitor la rolul istoriei \u0219i necesitatea de a \u00eenv\u0103\u021ba din gre\u0219elile \u00eenainta\u0219ilor, pentru a nu le mai repeta: \u201eConsider c\u0103 rolul istoriei este acela s\u0103 \u00eenv\u0103\u021b\u0103m din ea \u0219i s\u0103 nu-i repet\u0103m gre\u0219elile\u201d, a spus Nicolae Ciuc\u0103. Referindu-se la tr\u0103dare, Ciuc\u0103 a subliniat un principiu moral stringent: \u201eNu a\u0219 putea ierta, tr\u0103darea.\u201d\u00a0<\/p>\n<p>\u00centrebat ce anume \u00eel scoate din s\u0103rite, liderul liberalilor a r\u0103spuns tran\u0219ant: \u201eEste destul de greu s\u0103 se \u00eent\u00e2mple chestiunea asta, dar tot ceea ce s-a \u00eent\u00e2mplat \u00een ultima perioad\u0103, a\u0219 putea spune acum, f\u0103r\u0103 t\u0103gad\u0103, m\u0103 scoate din s\u0103rite \u0219mecheria \u0219i gol\u0103nia.\u201d<\/p>\n<p>Ciuc\u0103 a abordat \u0219i subiectul drepturilor omului, afirm\u00e2nd c\u0103 \u201eDeciziile CEDO trebuie respectate\u201d \u0219i a insistat pe importan\u021ba familiilor tradi\u021bionale. \u201eNou\u0103 ne st\u0103 bine \u00een identitatea noastr\u0103 cu familia pe trei genera\u021bii\u201d, a ad\u0103ugat el, pled\u00e2nd totodat\u0103 pentru respectarea drepturilor tuturor rom\u00e2nilor.<\/p>\n<p>Ciuc\u0103 subliniaz\u0103 c\u0103, de\u0219i este parte a unei echipe liberale, el are propria sa identitate \u0219i viziune, distinct\u0103 de cea a lui Klaus Iohannis:\u00a0<\/p>\n<p>\u201eV\u0103d c\u0103 \u00een ultima perioad\u0103 se \u00eencearc\u0103 tot mai mult alipirea mea de imaginea pre\u0219edintelui Iohannis. Suntem dou\u0103 persoane diferite, personalit\u0103\u021bi diferite, fiecare dintre noi avem p\u0103r\u021bile noastre bune \u0219i p\u0103r\u021bile noastre mai pu\u021bin bune. Eu trebuie s\u0103 subliniez, din nou, c\u0103 pre\u0219edintele Iohannis \u00ee\u0219i \u00eencheie mandatul \u00een mai pu\u021bin de dou\u0103 luni, motiv pentru care le spun tuturor, eu nu sunt pre\u0219edintele Iohannis, voi avea propriile mele decizii, voi avea propria mea analiz\u0103. Ca atare, \u00eei mul\u021bumesc pre\u0219edintelui Iohannis pentru c\u0103, \u00eempreun\u0103, \u00een timpul mandatului s\u0103u, eu am \u00eendeplinit func\u021bia de \u0219ef al Ap\u0103r\u0103rii, de ministru al Ap\u0103r\u0103rii \u0219i de prim-ministru\u201d, a spus liderul liberalilor.<\/p>\n<p>Despre Planul Na\u021bional de Redresare \u0219i Rezilien\u021b\u0103 (PNRR), Ciuc\u0103 a promis c\u0103 va continua s\u0103 negocieze pentru extinderea acestuia:<\/p>\n<p>\u201eA\u0219 negocia ca PNRR-ul s\u0103 se prelungeasc\u0103 dincolo de 2026 cu \u00eenc\u0103 doi ani, pentru c\u0103 avem nevoie de acest slot de timp s\u0103 reu\u0219im s\u0103 implement\u0103m \u0219i s\u0103 adapt\u0103m la noile condi\u021bii ceea ce s-a stabilit \u00een urm\u0103 cu 4-5 ani zile \u0219i sunt mai mul\u021bi lideri europeni care g\u00e2ndesc la fel ca mine. Doi: voi continua s\u0103 negociez \u00een a\u0219a fel \u00eenc\u00e2t pragul la micro-\u00eentreprinderi s\u0103 r\u0103m\u00e2n\u0103 acolo unde este acum\u201d, a spus liderul liberalilor.<\/p>\n<p>\u00centrebat despre valorile Rom\u00e2niei, Ciuc\u0103 a subliniat s\u0103n\u0103tatea \u0219i unitatea familiei, credin\u021ba, h\u0103rnicia \u0219i optimismul:<\/p>\n<p>\u201eValorile Rom\u00e2niei de ast\u0103zi sunt familia, credin\u021ba \u00een Dumnezeu, h\u0103rnicia, optimismul, disponibilitatea noastr\u0103 la efort. Sunt absolut vizibile, nu le spun eu r\u0103spunz\u00e2ndu-v\u0103 la aceste \u00eentreb\u0103ri. A\u0219a mi-a pl\u0103cut s\u0103 \u00een\u021beleg \u0219i a\u0219a voi \u00een\u021belege totdeauna poporul rom\u00e2n\u201d, a spus Nicolae Ciuc\u0103.<\/p>\n<p>\u00cen cadrul interviului, liderul liberalilor \u0219i-a ar\u0103tat latura empatic\u0103, pled\u00e2nd pentru protec\u021bia celor vulnerabili.\u201eMi se rupe sufletul c\u00e2nd v\u0103d violen\u021ba \u00een familie manifestat\u0103 fa\u021b\u0103 de copii, fa\u021b\u0103 de femei \u0219i mi se rupe sufletul c\u00e2nd v\u0103d violen\u021b\u0103 manifestat\u0103 fa\u021b\u0103 de animale\u201d, a mai spus Nicolae Ciuc\u0103.<\/p>","protected":false},"excerpt":{"rendered":"<p>Nicolae Ciuc\u0103 a conturat o imagine a liderului ca fiind mai degrab\u0103 un slujitor al&hellip;<\/p>\n","protected":false},"author":0,"featured_media":9213,"comment_status":"open","ping_status":"open","sticky":false,"template":"","format":"standard","meta":{"footnotes":""},"categories":[2],"tags":[],"class_list":["post-9219","post","type-post","status-publish","format-standard","has-post-thumbnail","hentry","category-actual"],"_links":{"self":[{"href":"https:\/\/247stiri.ro\/index.php\/wp-json\/wp\/v2\/posts\/9219","targetHints":{"allow":["GET"]}}],"collection":[{"href":"https:\/\/247stiri.ro\/index.php\/wp-json\/wp\/v2\/posts"}],"about":[{"href":"https:\/\/247stiri.ro\/index.php\/wp-json\/wp\/v2\/types\/post"}],"replies":[{"embeddable":true,"href":"https:\/\/247stiri.ro\/index.php\/wp-json\/wp\/v2\/comments?post=9219"}],"version-history":[{"count":0,"href":"https:\/\/247stiri.ro\/index.php\/wp-json\/wp\/v2\/posts\/9219\/revisions"}],"wp:featuredmedia":[{"embeddable":true,"href":"https:\/\/247stiri.ro\/index.php\/wp-json\/wp\/v2\/media\/9213"}],"wp:attachment":[{"href":"https:\/\/247stiri.ro\/index.php\/wp-json\/wp\/v2\/media?parent=9219"}],"wp:term":[{"taxonomy":"category","embeddable":true,"href":"https:\/\/247stiri.ro\/index.php\/wp-json\/wp\/v2\/categories?post=9219"},{"taxonomy":"post_tag","embeddable":true,"href":"https:\/\/247stiri.ro\/index.php\/wp-json\/wp\/v2\/tags?post=9219"}],"curies":[{"name":"wp","href":"https:\/\/api.w.org\/{rel}","templated":true}]}}