{"id":9220,"date":"2024-11-20T18:46:14","date_gmt":"2024-11-20T18:46:14","guid":{"rendered":"https:\/\/247stiri.ro\/index.php\/2024\/11\/20\/avocatul-poporului-s-a-transformat-in-aparatorul-dezvoltatorilor-imobiliari-necinstiti\/"},"modified":"2024-11-20T18:46:14","modified_gmt":"2024-11-20T18:46:14","slug":"avocatul-poporului-s-a-transformat-in-aparatorul-dezvoltatorilor-imobiliari-necinstiti","status":"publish","type":"post","link":"https:\/\/247stiri.ro\/index.php\/2024\/11\/20\/avocatul-poporului-s-a-transformat-in-aparatorul-dezvoltatorilor-imobiliari-necinstiti\/","title":{"rendered":"Avocatul Poporului s-a transformat \u00een ap\u0103r\u0103torul dezvoltatorilor imobiliari necinsti\u021bi"},"content":{"rendered":"<p>\u00cen realitate, ceea ce a urm\u0103rit Avocatul poporului a fost urm\u0103toarea manevra: s\u0103 salveze autoriza\u021biile de construire atacate in instanta si care au fost emise in temeiul unui PUZ (act administrativ normativ) anulat definitiv de instanta de contencios administrativ. In interpretarea ICCJ, anularea definitiva a PUZ (act administrativ normativ) ar fi condus la anularea autoriza\u021biilor de construire emise in temeiul acelui PUZ (acte administrative individuale), atacate in instantele judec\u0103tore\u0219ti.<\/p>\n<p>Nicolae Ciuc\u0103 a trimis un punct de vedere Cur\u021bii Constitu\u021bionale \u00eenc\u0103 din februarie 2024 in care a solicitat Cur\u021bii s\u0103 resping\u0103 sesizarea Avocatului Poporului. Pre\u0219edintele PNL Nicolae Ciuc\u0103 s-a opus, a\u0219adar, \u00eenc\u0103 din februarie 2024, c\u00e2nd nimeni nu \u00een\u021belegea riscurile, oric\u0103ror forme de protejare la nivel institu\u021bional a dezvoltatorilor imobiliari necinsti\u021bi, care sunt proteja\u021bi de PSD si extensia sa, Avocatul poporului.<\/p>\n\n<p>\u00a0<\/p>\n<p>Vezi <a href=\"https:\/\/media.realitatea.net\/multimedia\/other\/202411\/PDVD%20exceptie%20Avocatul%20poporului%20art.%2023%20Legea%20contenciosului%20administrativ%20(2)_4b1e7cde6c.pdf\" target=\"_blank\">AICI<\/a> punctul de vedere transmis de pre\u0219edintele Senatului, Nicolae Ciuc\u0103, pre\u0219edintelui CCR.<\/p>\n<p>Si Nicu\u0219or Dan a declarat recent (6.11.2024) ca Avocatului Poporului \u201eap\u0103r\u0103 mafia imobiliar\u0103\u201d, dup\u0103 ce institu\u021bia a solicitat Cur\u0163ii Constitu\u0163ionale s\u0103 interpreteze legea \u00een sensul \u00een care o autoriza\u0163ie bazat\u0103 pe un PUZ constatat nelegal s\u0103 poat\u0103 fi executat\u0103 \u00een continuare. Nicu\u0219or Dan a precizat c\u0103 o astfel de interpretare \u201ear anula tot efortul nostru de a anula PUZ-uri flagrant ilegale\u201d.<\/p>\n<p>\u00a0<\/p>\n<p>\u00a0\u00a0<\/p>","protected":false},"excerpt":{"rendered":"<p>\u00cen realitate, ceea ce a urm\u0103rit Avocatul poporului a fost urm\u0103toarea manevra: s\u0103 salveze autoriza\u021biile&hellip;<\/p>\n","protected":false},"author":0,"featured_media":9221,"comment_status":"open","ping_status":"open","sticky":false,"template":"","format":"standard","meta":{"footnotes":""},"categories":[2],"tags":[],"class_list":["post-9220","post","type-post","status-publish","format-standard","has-post-thumbnail","hentry","category-actual"],"_links":{"self":[{"href":"https:\/\/247stiri.ro\/index.php\/wp-json\/wp\/v2\/posts\/9220","targetHints":{"allow":["GET"]}}],"collection":[{"href":"https:\/\/247stiri.ro\/index.php\/wp-json\/wp\/v2\/posts"}],"about":[{"href":"https:\/\/247stiri.ro\/index.php\/wp-json\/wp\/v2\/types\/post"}],"replies":[{"embeddable":true,"href":"https:\/\/247stiri.ro\/index.php\/wp-json\/wp\/v2\/comments?post=9220"}],"version-history":[{"count":0,"href":"https:\/\/247stiri.ro\/index.php\/wp-json\/wp\/v2\/posts\/9220\/revisions"}],"wp:featuredmedia":[{"embeddable":true,"href":"https:\/\/247stiri.ro\/index.php\/wp-json\/wp\/v2\/media\/9221"}],"wp:attachment":[{"href":"https:\/\/247stiri.ro\/index.php\/wp-json\/wp\/v2\/media?parent=9220"}],"wp:term":[{"taxonomy":"category","embeddable":true,"href":"https:\/\/247stiri.ro\/index.php\/wp-json\/wp\/v2\/categories?post=9220"},{"taxonomy":"post_tag","embeddable":true,"href":"https:\/\/247stiri.ro\/index.php\/wp-json\/wp\/v2\/tags?post=9220"}],"curies":[{"name":"wp","href":"https:\/\/api.w.org\/{rel}","templated":true}]}}