{"id":9244,"date":"2024-11-20T19:50:06","date_gmt":"2024-11-20T19:50:06","guid":{"rendered":"https:\/\/247stiri.ro\/index.php\/2024\/11\/20\/kosovo-raspuns-sfidator-dupa-ce-a-pierdut-la-masa-verde-meciul-impotriva-romaniei-suntem-mandri-ca-echipa-noastra-a-parasit-terenul\/"},"modified":"2024-11-20T19:50:06","modified_gmt":"2024-11-20T19:50:06","slug":"kosovo-raspuns-sfidator-dupa-ce-a-pierdut-la-masa-verde-meciul-impotriva-romaniei-suntem-mandri-ca-echipa-noastra-a-parasit-terenul","status":"publish","type":"post","link":"https:\/\/247stiri.ro\/index.php\/2024\/11\/20\/kosovo-raspuns-sfidator-dupa-ce-a-pierdut-la-masa-verde-meciul-impotriva-romaniei-suntem-mandri-ca-echipa-noastra-a-parasit-terenul\/","title":{"rendered":"Kosovo, r\u0103spuns SFID\u0102TOR dup\u0103 ce a pierdut la masa verde meciul \u00eempotriva Rom\u00e2niei. Suntem m\u00e2ndri c\u0103 echipa noastr\u0103 a p\u0103r\u0103sit terenul"},"content":{"rendered":"<p>\u201cPentru FFK \u015fi juc\u0103torii echipei noastre na\u0163ionale, aceast\u0103 decizie este o confirmare a caracterului rezonabil al ac\u0163iunilor noastre \u00eempotriva apelurilor rasiste \u015fi a mesajelor politice provocatoare \u00eempotriva Kosovo. Pentru aceasta, Rom\u00e2nia a fost amendat\u0103 \u00een total cu 80.000 de euro. Aceast\u0103 decizie justific\u0103 pe deplin ac\u0163iunile noastre \u015fi suntem m\u00e2ndri c\u0103 echipa noastr\u0103 na\u0163ional\u0103 a evaluat corect situa\u0163ia c\u00e2nd a decis s\u0103 p\u0103r\u0103seasc\u0103 terenul \u00een semn de protest fa\u0163\u0103 de aceste apeluri rasiste, mesaje politice provocatoare \u015fi alte comportamente discriminatorii. Aceast\u0103 decizie confirm\u0103 faptul c\u0103 Kosovo a stabilit un nou standard pentru protec\u0163ia demnit\u0103\u0163ii \u015fi respectului \u00een fotbalul interna\u0163ional\u201d, a precizat forul.<\/p>\n<p>FFK a men\u0163ionat c\u0103 nu este de acord cu pierderea meciului, astfel c\u0103 va ataca aceast\u0103 decizie la TAS.<\/p>\n<p>\u201cFFK a depus deja o cerere oficial\u0103 pentru a primi decizia complet\u0103 de la UEFA, pentru a avea acces deplin la toate detaliile \u015fi ra\u0163ionamentul juridic care au condus la aceast\u0103 decizie \u015fi, dup\u0103 primirea deciziei complete, vom folosi orice alte etape de recurs disponibile. pentru a contesta eliminarea punctelor, care nu reflect\u0103 corectitudine \u015fi nu reflect\u0103 eforturile noastre de a proteja valorile sportive.<\/p>","protected":false},"excerpt":{"rendered":"<p>\u201cPentru FFK \u015fi juc\u0103torii echipei noastre na\u0163ionale, aceast\u0103 decizie este o confirmare a caracterului rezonabil&hellip;<\/p>\n","protected":false},"author":0,"featured_media":9233,"comment_status":"open","ping_status":"open","sticky":false,"template":"","format":"standard","meta":{"footnotes":""},"categories":[2],"tags":[],"class_list":["post-9244","post","type-post","status-publish","format-standard","has-post-thumbnail","hentry","category-actual"],"_links":{"self":[{"href":"https:\/\/247stiri.ro\/index.php\/wp-json\/wp\/v2\/posts\/9244","targetHints":{"allow":["GET"]}}],"collection":[{"href":"https:\/\/247stiri.ro\/index.php\/wp-json\/wp\/v2\/posts"}],"about":[{"href":"https:\/\/247stiri.ro\/index.php\/wp-json\/wp\/v2\/types\/post"}],"replies":[{"embeddable":true,"href":"https:\/\/247stiri.ro\/index.php\/wp-json\/wp\/v2\/comments?post=9244"}],"version-history":[{"count":0,"href":"https:\/\/247stiri.ro\/index.php\/wp-json\/wp\/v2\/posts\/9244\/revisions"}],"wp:featuredmedia":[{"embeddable":true,"href":"https:\/\/247stiri.ro\/index.php\/wp-json\/wp\/v2\/media\/9233"}],"wp:attachment":[{"href":"https:\/\/247stiri.ro\/index.php\/wp-json\/wp\/v2\/media?parent=9244"}],"wp:term":[{"taxonomy":"category","embeddable":true,"href":"https:\/\/247stiri.ro\/index.php\/wp-json\/wp\/v2\/categories?post=9244"},{"taxonomy":"post_tag","embeddable":true,"href":"https:\/\/247stiri.ro\/index.php\/wp-json\/wp\/v2\/tags?post=9244"}],"curies":[{"name":"wp","href":"https:\/\/api.w.org\/{rel}","templated":true}]}}