{"id":9245,"date":"2024-11-20T19:50:06","date_gmt":"2024-11-20T19:50:06","guid":{"rendered":"https:\/\/247stiri.ro\/index.php\/2024\/11\/20\/papa-francisc-a-dat-instructiuni-pentru-inmormantarea-sa-din-ce-va-fi-confectionat-sicriul\/"},"modified":"2024-11-20T19:50:06","modified_gmt":"2024-11-20T19:50:06","slug":"papa-francisc-a-dat-instructiuni-pentru-inmormantarea-sa-din-ce-va-fi-confectionat-sicriul","status":"publish","type":"post","link":"https:\/\/247stiri.ro\/index.php\/2024\/11\/20\/papa-francisc-a-dat-instructiuni-pentru-inmormantarea-sa-din-ce-va-fi-confectionat-sicriul\/","title":{"rendered":"Papa Francisc a dat instruc\u021biuni pentru \u00eenmorm\u00e2ntarea sa. Din ce va fi confec\u021bionat sicriul"},"content":{"rendered":"<p>Potrivit unui document despre ritualul formal publicat miercuri, Vaticanul a precizat c\u0103 papa Francisc va renun\u0163a la o practic\u0103 veche de secole, care presupune \u00eenmorm\u00e2ntarea defunctului pap\u0103 \u00een trei sicrie introduse unul \u00een altul \u015fi realizate din lemn de chiparos, plumb \u015fi stejar. \u00cen schimb, papa Francisc va fi \u00eenmorm\u00e2ntat \u00eentr-un singur sicriu din lemn, c\u0103ptu\u015fit cu zinc.De asemenea, trupul ne\u00eensufle\u0163it al papei nu va fi expus pe o platform\u0103 ridicat\u0103 sau pe un catafalc instalat \u00een Bazilica Sf\u00e2ntul Petru pentru a fi v\u0103zut de vizitatorii din Roma, a\u015fa cum a fost cazul cu papii preceden\u0163i.Vizitatorii vor putea \u00een continuare s\u0103 \u00eei aduc\u0103 un ultim omagiu, \u00eens\u0103 trupul papei Francisc va r\u0103m\u00e2ne \u00een interiorul sicriului deschis.Papa Francisc, care \u00eempline\u015fte v\u00e2rsta de 88 de ani pe 17 decembrie, s-a confruntat ocazional cu probleme de s\u0103n\u0103tate \u00een ultimii ani, dar \u00een ultimele luni a p\u0103rut c\u0103 este \u00eentr-o stare bun\u0103.<\/p>\n<p>\u00cen prezent, suveranul pontif se deplaseaz\u0103 \u00eentr-un scaun rulant din cauza durerilor de genunchi \u015fi de spate, dar a realizat dou\u0103 c\u0103l\u0103torii externe solicitante \u00een septembrie \u015fi a fost gazda unui summit cu durata de o lun\u0103 al liderilor catolici la Vatican, \u00een octombrie.Anul trecut, papa s spus c\u0103 dore\u015fte s\u0103 simplifice ritualurile funerare elaborate \u015fi lungi folosite \u00een cazul predecesorilor s\u0103i.<\/p>\n<p><a title='Prima reactie a Vaticanului dupa victoria lui Donald Trump. Este mentionata si Ucraina: \"Cred ca nici el nu are o bagheta magica\"' href=\"https:\/\/www.realitatea.net\/stiri\/actual\/prima-reactie-a-vaticanului-dupa-vitoria-lui-donald-trump-este-mentionata-si-ucraina-cred-ca-nici-el-nu-are-o-bagheta-magica_672cb46ce506735f2a77bd72\">Prima reac\u021bie a Vaticanului dup\u0103 victoria lui Donald Trump. Este men\u021bionat\u0103 \u0219i Ucraina: &#8222;Cred c\u0103 nici el nu are o baghet\u0103 magic\u0103&#8221;<\/a>Papa Francisc a anun\u0163at atunci c\u0103 va fi primul pap\u0103 care va fi \u00eenmorm\u00e2ntat \u00een afara Vaticanului dup\u0103 mai bine de un secol.\u00cen loc s\u0103 fie \u00eenmorm\u00e2ntat al\u0103turi de al\u0163i 91 de papi \u00een Bazilica Sf\u00e2ntul Petru, Francisc a spus c\u0103 dore\u015fte s\u0103 fie \u00eenmorm\u00e2ntat \u00een Bazilica Santa Maria Maggiore din Roma, dedicat\u0103 Fecioarei Maria.Bazilica Santa Maria Maggiore este biserica \u00een care papa Francisc se roag\u0103 \u00een mod tradi\u0163ional \u00eenainte \u015fi dup\u0103 fiecare dintre c\u0103l\u0103toriile sale \u00een str\u0103in\u0103tate.Ultimul pap\u0103 \u00eenmorm\u00e2ntat \u00een afara zidurilor Vaticanului a fost papa Leon al XIII-lea, care a murit \u00een 1903 \u015fi este \u00eengropat \u00een Bazilica Sf\u00e2ntul Ioan din Lateran.\u00cen mod tradi\u0163ional, trei sicrie au fost folosite la funeraliile papilor, astfel \u00eenc\u00e2t s\u0103 asigure o \u00eenchidere etan\u015f\u0103 \u00een jurul trupurilor ne\u00eensufle\u0163ite ale fo\u015ftilor suverani pontifi. De asemenea, acest sistem permitea ca diverse obiecte, cum ar fi monede sau documente emise de respectivul pap\u0103 \u00een timpul pontificatului s\u0103u, s\u0103 fie \u00eengropate al\u0103turi de trupul ne\u00eensufle\u0163it.<\/p>\n<p><a title='Papa Francisc critica italienii pentru preferinta fata de animale de companie in loc de copii: ,,Merita o ,,bataie\"' href=\"https:\/\/www.realitatea.net\/stiri\/extern\/papa-francisc-critica-italienii-pentru-preferinta-fata-de-animale-de-companie-in-loc-de-copii-merita-o-bataie_66f44138f218c8408b18af23\">Papa Francisc critic\u0103 italienii pentru preferin\u021ba fa\u021b\u0103 de animale de companie \u00een loc de copii: \u201eMerit\u0103 o \u201eb\u0103taie\u201d<\/a><\/p>","protected":false},"excerpt":{"rendered":"<p>Potrivit unui document despre ritualul formal publicat miercuri, Vaticanul a precizat c\u0103 papa Francisc va&hellip;<\/p>\n","protected":false},"author":0,"featured_media":9235,"comment_status":"open","ping_status":"open","sticky":false,"template":"","format":"standard","meta":{"footnotes":""},"categories":[2],"tags":[],"class_list":["post-9245","post","type-post","status-publish","format-standard","has-post-thumbnail","hentry","category-actual"],"_links":{"self":[{"href":"https:\/\/247stiri.ro\/index.php\/wp-json\/wp\/v2\/posts\/9245","targetHints":{"allow":["GET"]}}],"collection":[{"href":"https:\/\/247stiri.ro\/index.php\/wp-json\/wp\/v2\/posts"}],"about":[{"href":"https:\/\/247stiri.ro\/index.php\/wp-json\/wp\/v2\/types\/post"}],"replies":[{"embeddable":true,"href":"https:\/\/247stiri.ro\/index.php\/wp-json\/wp\/v2\/comments?post=9245"}],"version-history":[{"count":0,"href":"https:\/\/247stiri.ro\/index.php\/wp-json\/wp\/v2\/posts\/9245\/revisions"}],"wp:featuredmedia":[{"embeddable":true,"href":"https:\/\/247stiri.ro\/index.php\/wp-json\/wp\/v2\/media\/9235"}],"wp:attachment":[{"href":"https:\/\/247stiri.ro\/index.php\/wp-json\/wp\/v2\/media?parent=9245"}],"wp:term":[{"taxonomy":"category","embeddable":true,"href":"https:\/\/247stiri.ro\/index.php\/wp-json\/wp\/v2\/categories?post=9245"},{"taxonomy":"post_tag","embeddable":true,"href":"https:\/\/247stiri.ro\/index.php\/wp-json\/wp\/v2\/tags?post=9245"}],"curies":[{"name":"wp","href":"https:\/\/api.w.org\/{rel}","templated":true}]}}