{"id":9254,"date":"2024-11-20T20:44:46","date_gmt":"2024-11-20T20:44:46","guid":{"rendered":"https:\/\/247stiri.ro\/index.php\/2024\/11\/20\/detinutii-au-dreptul-la-vot-cum-vor-vota-in-weekend-la-alegerile-prezidentiale-cu-urna-speciala\/"},"modified":"2024-11-20T20:44:46","modified_gmt":"2024-11-20T20:44:46","slug":"detinutii-au-dreptul-la-vot-cum-vor-vota-in-weekend-la-alegerile-prezidentiale-cu-urna-speciala","status":"publish","type":"post","link":"https:\/\/247stiri.ro\/index.php\/2024\/11\/20\/detinutii-au-dreptul-la-vot-cum-vor-vota-in-weekend-la-alegerile-prezidentiale-cu-urna-speciala\/","title":{"rendered":"De\u021binu\u021bii au dreptul la VOT. Cum vor vota, \u00een weekend, la alegerile preziden\u021biale cu URNA SPECIAL\u0102"},"content":{"rendered":"<p>Mai exact, 22.577 de persoane private de libertate au drept de vot, \u00een timp ce 1.972 de de\u021binu\u021bi nu sunt eligibili pentru a participa la vot.<\/p>\n<p><a href=\"https:\/\/www.realitatea.net\/stiri\/actual\/dezbaterea-care-decide-soarta-alegerilor-in-direct-la-realitatea-plus-editie-exploziva-culisele-statuului-paralel-live-text_673e2999c231c53535167ea2\" target=\"_blank\">\u00cen ceea ce prive\u0219te referendumul<\/a> local din Capital\u0103, ANP a anun\u021bat c\u0103 persoanele private de libertate vor putea vota \u00een cadrul Penitenciarului Bucure\u0219ti-Rahova \u0219i Penitenciarului Spital Bucure\u0219ti-Rahova. Conform datelor disponibile, 831 de de\u021binu\u021bi sunt \u00eencarcera\u021bi la Penitenciarul Bucure\u0219ti-Rahova, iar al\u021bi 17 de\u021binu\u021bi din Penitenciarul Spital Bucure\u0219ti-Rahova au domiciliul \u00een municipiul Bucure\u0219ti, av\u00e2nd astfel dreptul s\u0103 participe la acest referendum.<\/p>\n<p>Pu\u0219c\u0103ria\u0219ii merg la VOT<\/p>\n<p>Pentru a putea vota, persoanele private de libertate trebuie s\u0103 depun\u0103 o cerere scris\u0103 de inten\u021bie, prin intermediul urnei speciale. Aceste cereri trebuie depuse la directorii unit\u0103\u021bilor de deten\u021bie p\u00e2n\u0103 cel t\u00e2rziu \u00een preziua vot\u0103rii, adic\u0103 s\u00e2mb\u0103t\u0103, la ora 10:00. De\u021binu\u021bii care ini\u021bial nu au dorit s\u0103 voteze sau au refuzat acest drept pot modifica aceast\u0103 decizie \u0219i pot depune o cerere pentru a putea vota, cerere care va fi avizat\u0103 de pre\u0219edintele sec\u021biei de votare.<\/p>\n<p>\u00cen conformitate cu reglement\u0103rile stabilite de Biroul Electoral Central, procesul de votare la nivel na\u021bional va \u00eencepe la ora 7:00 \u0219i se va \u00eencheia la 21:00. \u00cen unit\u0103\u021bile penitenciare, nu a fost stabilit\u0103 o or\u0103 exact\u0103 de \u00eencepere a vot\u0103rii, iar aceasta va fi adaptat\u0103 pentru a nu afecta activit\u0103\u021bile curente ale de\u021binu\u021bilor, cum ar fi programul de plimbare sau vizitele.<\/p>\n<p><a href=\"https:\/\/www.realitatea.net\/stiri\/actual\/alegeri-prezidentiale-elevii-merg-normal-la-scoala-vineri-chiar-daca-sau-pus-sectii-de-votare-in-anumite-clase_673deab7d0228f409c0ca065\" target=\"_blank\">Pentru o bun\u0103 organizare a procesului de votare<\/a>, ANP a transmis unit\u0103\u021bilor penitenciare instruc\u021biuni detaliate privind preg\u0103tirile necesare, printre care se num\u0103r\u0103 amenajarea unor spa\u021bii corespunz\u0103toare pentru amplasarea urnelor \u0219i a cabinelor de vot. De asemenea, autorit\u0103\u021bile vor asigura personalul necesar pentru men\u021binerea ordinii \u0219i prevenirea eventualelor incidente pe durata votului.<\/p>\n<p>Un alt aspect important este preg\u0103tirea actelor de identitate ale persoanelor private de libertate care nu dispun de acestea sau care au documente expirate. ANP se va ocupa de eliberarea acestora, astfel \u00eenc\u00e2t toate persoanele cu drept de vot s\u0103 poat\u0103 participa la alegeri \u0219i referendum f\u0103r\u0103 probleme.<\/p>\n<p>\u00a0<\/p>\n<p>\u00a0<\/p>\n<p>\u00a0<\/p>\n<p>\u00a0<\/p>\n<p>\u00a0<\/p>","protected":false},"excerpt":{"rendered":"<p>Mai exact, 22.577 de persoane private de libertate au drept de vot, \u00een timp ce&hellip;<\/p>\n","protected":false},"author":0,"featured_media":9255,"comment_status":"open","ping_status":"open","sticky":false,"template":"","format":"standard","meta":{"footnotes":""},"categories":[2],"tags":[],"class_list":["post-9254","post","type-post","status-publish","format-standard","has-post-thumbnail","hentry","category-actual"],"_links":{"self":[{"href":"https:\/\/247stiri.ro\/index.php\/wp-json\/wp\/v2\/posts\/9254","targetHints":{"allow":["GET"]}}],"collection":[{"href":"https:\/\/247stiri.ro\/index.php\/wp-json\/wp\/v2\/posts"}],"about":[{"href":"https:\/\/247stiri.ro\/index.php\/wp-json\/wp\/v2\/types\/post"}],"replies":[{"embeddable":true,"href":"https:\/\/247stiri.ro\/index.php\/wp-json\/wp\/v2\/comments?post=9254"}],"version-history":[{"count":0,"href":"https:\/\/247stiri.ro\/index.php\/wp-json\/wp\/v2\/posts\/9254\/revisions"}],"wp:featuredmedia":[{"embeddable":true,"href":"https:\/\/247stiri.ro\/index.php\/wp-json\/wp\/v2\/media\/9255"}],"wp:attachment":[{"href":"https:\/\/247stiri.ro\/index.php\/wp-json\/wp\/v2\/media?parent=9254"}],"wp:term":[{"taxonomy":"category","embeddable":true,"href":"https:\/\/247stiri.ro\/index.php\/wp-json\/wp\/v2\/categories?post=9254"},{"taxonomy":"post_tag","embeddable":true,"href":"https:\/\/247stiri.ro\/index.php\/wp-json\/wp\/v2\/tags?post=9254"}],"curies":[{"name":"wp","href":"https:\/\/api.w.org\/{rel}","templated":true}]}}