{"id":9256,"date":"2024-11-20T20:44:46","date_gmt":"2024-11-20T20:44:46","guid":{"rendered":"https:\/\/247stiri.ro\/index.php\/2024\/11\/20\/mesaj-dur-transmis-lui-marcel-ciolacu-de-o-tanara-din-diaspora-vrei-sa-iei-fraiele-tarii-dar-nu-intelegi-poporul-video\/"},"modified":"2024-11-20T20:44:46","modified_gmt":"2024-11-20T20:44:46","slug":"mesaj-dur-transmis-lui-marcel-ciolacu-de-o-tanara-din-diaspora-vrei-sa-iei-fraiele-tarii-dar-nu-intelegi-poporul-video","status":"publish","type":"post","link":"https:\/\/247stiri.ro\/index.php\/2024\/11\/20\/mesaj-dur-transmis-lui-marcel-ciolacu-de-o-tanara-din-diaspora-vrei-sa-iei-fraiele-tarii-dar-nu-intelegi-poporul-video\/","title":{"rendered":"Mesaj dur transmis lui Marcel Ciolacu de o t\u00e2n\u0103r\u0103 din DIASPORA: Vrei s\u0103 iei fr\u00e2iele \u021b\u0103rii, dar nu \u00een\u021belegi poporul &#8211; VIDEO"},"content":{"rendered":"<p>&#8222;Dumneata nu \u0219tii ce rom\u00e2ni au plecat din \u021bar\u0103. Nu \u0219tii nici de ce au plecat, nici cum s\u0103-i aduci \u00een \u021bar\u0103. Vrei s\u0103 iei fr\u00e2iele \u021b\u0103rii, dar tu nu \u00een\u021belegi poporul. Negocia\u021bi plec\u00e2nd capul \u0219i ne vinde\u021bi viitorul. Rom\u00e2nia este mai mare dec\u00e2t spune teritoriul. Rom\u00e2nia cum ar fi f\u0103r\u0103 de politicul ce minte. NU cred c\u0103 \u0219tii s\u0103 r\u0103spunzi, domnule nepre\u0219edinte&#8221;, i-a transmis Alina Aron.<\/p>\n<p><a title=\"@aron_alina\" href=\"https:\/\/www.tiktok.com\/@aron_alina?refer=embed\" target=\"_blank\">@aron_alina<\/a> O fi bine in bula voastr\u0103? @marcel_ciolacu <a title=\"politica\" href=\"https:\/\/www.tiktok.com\/tag\/politica?refer=embed\" target=\"_blank\">#politica<\/a> <a title=\"versuri\" href=\"https:\/\/www.tiktok.com\/tag\/versuri?refer=embed\" target=\"_blank\">#versuri<\/a> <a title=\"aronalina\" href=\"https:\/\/www.tiktok.com\/tag\/aronalina?refer=embed\" target=\"_blank\">#aronalina<\/a> <a title=\"vot\" href=\"https:\/\/www.tiktok.com\/tag\/vot?refer=embed\" target=\"_blank\">#vot<\/a> <a title=\"prezidentiale2024\" href=\"https:\/\/www.tiktok.com\/tag\/prezidentiale2024?refer=embed\" target=\"_blank\">#prezidentiale2024<\/a> <a title=\"ciolacu\" href=\"https:\/\/www.tiktok.com\/tag\/ciolacu?refer=embed\" target=\"_blank\">#ciolacu<\/a> <a title=\"romania\" href=\"https:\/\/www.tiktok.com\/tag\/romania?refer=embed\" target=\"_blank\">#romania<\/a> <a title=\"diaspora\" href=\"https:\/\/www.tiktok.com\/tag\/diaspora?refer=embed\" target=\"_blank\">#diaspora<\/a> <a title=\"calificat\" href=\"https:\/\/www.tiktok.com\/tag\/calificat?refer=embed\" target=\"_blank\">#calificat<\/a> <a title=\"\u266c original sound - aron_alina\" href=\"https:\/\/www.tiktok.com\/music\/original-sound-7438645501560769312?refer=embed\" target=\"_blank\">\u266c original sound &#8211; aron_alina<\/a><\/p>\n<p>\u00a0<\/p>\n<p>\u00a0<\/p>","protected":false},"excerpt":{"rendered":"<p>&#8222;Dumneata nu \u0219tii ce rom\u00e2ni au plecat din \u021bar\u0103. Nu \u0219tii nici de ce au&hellip;<\/p>\n","protected":false},"author":0,"featured_media":9252,"comment_status":"open","ping_status":"open","sticky":false,"template":"","format":"standard","meta":{"footnotes":""},"categories":[2],"tags":[],"class_list":["post-9256","post","type-post","status-publish","format-standard","has-post-thumbnail","hentry","category-actual"],"_links":{"self":[{"href":"https:\/\/247stiri.ro\/index.php\/wp-json\/wp\/v2\/posts\/9256","targetHints":{"allow":["GET"]}}],"collection":[{"href":"https:\/\/247stiri.ro\/index.php\/wp-json\/wp\/v2\/posts"}],"about":[{"href":"https:\/\/247stiri.ro\/index.php\/wp-json\/wp\/v2\/types\/post"}],"replies":[{"embeddable":true,"href":"https:\/\/247stiri.ro\/index.php\/wp-json\/wp\/v2\/comments?post=9256"}],"version-history":[{"count":0,"href":"https:\/\/247stiri.ro\/index.php\/wp-json\/wp\/v2\/posts\/9256\/revisions"}],"wp:featuredmedia":[{"embeddable":true,"href":"https:\/\/247stiri.ro\/index.php\/wp-json\/wp\/v2\/media\/9252"}],"wp:attachment":[{"href":"https:\/\/247stiri.ro\/index.php\/wp-json\/wp\/v2\/media?parent=9256"}],"wp:term":[{"taxonomy":"category","embeddable":true,"href":"https:\/\/247stiri.ro\/index.php\/wp-json\/wp\/v2\/categories?post=9256"},{"taxonomy":"post_tag","embeddable":true,"href":"https:\/\/247stiri.ro\/index.php\/wp-json\/wp\/v2\/tags?post=9256"}],"curies":[{"name":"wp","href":"https:\/\/api.w.org\/{rel}","templated":true}]}}