{"id":9270,"date":"2024-11-20T21:45:29","date_gmt":"2024-11-20T21:45:29","guid":{"rendered":"https:\/\/247stiri.ro\/index.php\/2024\/11\/20\/incendiu-la-o-biserica-din-valenii-de-munte-flacarile-au-devorat-o-mare-parte-din-acoperisul-cladirii\/"},"modified":"2024-11-20T21:45:29","modified_gmt":"2024-11-20T21:45:29","slug":"incendiu-la-o-biserica-din-valenii-de-munte-flacarile-au-devorat-o-mare-parte-din-acoperisul-cladirii","status":"publish","type":"post","link":"https:\/\/247stiri.ro\/index.php\/2024\/11\/20\/incendiu-la-o-biserica-din-valenii-de-munte-flacarile-au-devorat-o-mare-parte-din-acoperisul-cladirii\/","title":{"rendered":"Incendiu la o biseric\u0103 din V\u0103lenii de Munte. Fl\u0103c\u0103rile au devorat o mare parte din acoperi\u015ful cl\u0103dirii"},"content":{"rendered":"<p>&#8221;\u00cen jurul orei 21,45 a fost anun\u0163at\u0103 producerea unui incendiu la o cas\u0103 din ora\u015ful V\u0103lenii de Munte, fiind alerta\u0163i pompierii Deta\u015famentului V\u0103lenii de Munte, care s-au deplasat la fa\u0163a locului cu 2 autospeciale de stingere \u015fi un echipaj SMURD. Odat\u0103 sosi\u0163i la locul interven\u0163iei, pompierii au constatat faptul c\u0103 incendiul se manifesta la nivelul acoperi\u015fului unei cl\u0103diri, pe o suprafa\u0163\u0103 de circa 150 mp, ac\u0163ion\u00e2nd de \u00eendat\u0103 pentru limitarea propag\u0103rii acestuia&#8221;, informeaz\u0103 ISU Prahova.Din informa\u0163iile primite de la fa\u0163a locului, cl\u0103direa are destina\u0163ia unei case de rug\u0103ciune\/biseric\u0103.Nu au existat persoane surprinse de incendiu, evenimentul nefiind soldat cu victime.Cauza probabil\u0103 de incendiu este \u00een curs de stabilire, incendiul fiind lichidat.\u00a0<\/p>\n<p><a title=\"Trafic blocat pe DN1, intre Predeal si Azuga. Un camion a luat foc - VIDEO\" href=\"https:\/\/www.realitatea.net\/stiri\/actual\/trafic-blocat-pe-dn1-intre-predeal-si-azuga-un-camion-a-luat-foc-video_673cd0194bc96437101bebf2\">Trafic blocat pe DN1, \u00eentre Predeal \u0219i Azuga. Un camion a luat foc &#8211; VIDEO<\/a><\/p>","protected":false},"excerpt":{"rendered":"<p>&#8221;\u00cen jurul orei 21,45 a fost anun\u0163at\u0103 producerea unui incendiu la o cas\u0103 din ora\u015ful&hellip;<\/p>\n","protected":false},"author":0,"featured_media":9271,"comment_status":"open","ping_status":"open","sticky":false,"template":"","format":"standard","meta":{"footnotes":""},"categories":[2],"tags":[],"class_list":["post-9270","post","type-post","status-publish","format-standard","has-post-thumbnail","hentry","category-actual"],"_links":{"self":[{"href":"https:\/\/247stiri.ro\/index.php\/wp-json\/wp\/v2\/posts\/9270","targetHints":{"allow":["GET"]}}],"collection":[{"href":"https:\/\/247stiri.ro\/index.php\/wp-json\/wp\/v2\/posts"}],"about":[{"href":"https:\/\/247stiri.ro\/index.php\/wp-json\/wp\/v2\/types\/post"}],"replies":[{"embeddable":true,"href":"https:\/\/247stiri.ro\/index.php\/wp-json\/wp\/v2\/comments?post=9270"}],"version-history":[{"count":0,"href":"https:\/\/247stiri.ro\/index.php\/wp-json\/wp\/v2\/posts\/9270\/revisions"}],"wp:featuredmedia":[{"embeddable":true,"href":"https:\/\/247stiri.ro\/index.php\/wp-json\/wp\/v2\/media\/9271"}],"wp:attachment":[{"href":"https:\/\/247stiri.ro\/index.php\/wp-json\/wp\/v2\/media?parent=9270"}],"wp:term":[{"taxonomy":"category","embeddable":true,"href":"https:\/\/247stiri.ro\/index.php\/wp-json\/wp\/v2\/categories?post=9270"},{"taxonomy":"post_tag","embeddable":true,"href":"https:\/\/247stiri.ro\/index.php\/wp-json\/wp\/v2\/tags?post=9270"}],"curies":[{"name":"wp","href":"https:\/\/api.w.org\/{rel}","templated":true}]}}