{"id":9286,"date":"2024-11-20T22:51:07","date_gmt":"2024-11-20T22:51:07","guid":{"rendered":"https:\/\/247stiri.ro\/index.php\/2024\/11\/20\/nicolae-ciuca-fundamentul-functiei-prezidentiale-e-suportul-cetatenilor-diferenta-dintre-mine-si-altii-e-ca-eu-pot-pune-capul-linistit-pe-perna\/"},"modified":"2024-11-20T22:51:07","modified_gmt":"2024-11-20T22:51:07","slug":"nicolae-ciuca-fundamentul-functiei-prezidentiale-e-suportul-cetatenilor-diferenta-dintre-mine-si-altii-e-ca-eu-pot-pune-capul-linistit-pe-perna","status":"publish","type":"post","link":"https:\/\/247stiri.ro\/index.php\/2024\/11\/20\/nicolae-ciuca-fundamentul-functiei-prezidentiale-e-suportul-cetatenilor-diferenta-dintre-mine-si-altii-e-ca-eu-pot-pune-capul-linistit-pe-perna\/","title":{"rendered":"Nicolae Ciuc\u0103: Fundamentul func\u021biei preziden\u021biale e suportul cet\u0103\u021benilor. Diferen\u021ba dintre mine \u0219i al\u021bii e c\u0103 eu pot pune capul lini\u0219tit pe pern\u0103"},"content":{"rendered":"<p>\u00centrebat despre contracandida\u021bii s\u0103i, \u00eentr-o emisiune TV, liderul PNL a afirmat &#8222;Cine \u00eel mai crede pe Ciolacu \u0219i pe Lasconi? Arat\u0103 disperare. Diferen\u021ba \u00eentre mine \u0219i al\u021bii e c\u0103 eu m\u0103 pot duce s\u0103 pun capul lini\u0219tit pe pern\u0103&#8221;.<\/p>\n<p>\u00centrebat despre propria sa misiune, Nicolae Ciuc\u0103 a afirmat c\u0103 &#8222;\u00een politic\u0103 nu sunt ordine, sunt angajamente. Cel mai important ordin pe care l-am dat a fost: dup\u0103 mine, urma\u021bi-m\u0103!&#8221; Am o singur\u0103 team\u0103, de Dumnezeu, s\u0103 nu mor ne\u00eemp\u0103rt\u0103\u0219it.&#8221;<\/p>\n<p>Prezent \u00een emisiune, fiul lui Nicolae Ciuc\u0103 a afirmat c\u0103 a \u00eenv\u0103\u021bat de la tat\u0103l s\u0103u &#8222;c\u0103 familia este centrul universului, dar \u0219i ce \u00eenseamn\u0103 dragostea pentru \u021bar\u0103. Am \u00eenv\u0103\u021bat s\u0103 fiu cinstit \u0219i onest, s\u0103 fiu punctual&#8221;.<\/p>\n<p>So\u021bia liderului PNL a afirmat \u0219i ea c\u0103 aceasta &#8222;are dorin\u021ba de a face \u0219i mai bine, de a uni oamenii&#8221;.<\/p>","protected":false},"excerpt":{"rendered":"<p>\u00centrebat despre contracandida\u021bii s\u0103i, \u00eentr-o emisiune TV, liderul PNL a afirmat &#8222;Cine \u00eel mai crede&hellip;<\/p>\n","protected":false},"author":0,"featured_media":9285,"comment_status":"open","ping_status":"open","sticky":false,"template":"","format":"standard","meta":{"footnotes":""},"categories":[2],"tags":[],"class_list":["post-9286","post","type-post","status-publish","format-standard","has-post-thumbnail","hentry","category-actual"],"_links":{"self":[{"href":"https:\/\/247stiri.ro\/index.php\/wp-json\/wp\/v2\/posts\/9286","targetHints":{"allow":["GET"]}}],"collection":[{"href":"https:\/\/247stiri.ro\/index.php\/wp-json\/wp\/v2\/posts"}],"about":[{"href":"https:\/\/247stiri.ro\/index.php\/wp-json\/wp\/v2\/types\/post"}],"replies":[{"embeddable":true,"href":"https:\/\/247stiri.ro\/index.php\/wp-json\/wp\/v2\/comments?post=9286"}],"version-history":[{"count":0,"href":"https:\/\/247stiri.ro\/index.php\/wp-json\/wp\/v2\/posts\/9286\/revisions"}],"wp:featuredmedia":[{"embeddable":true,"href":"https:\/\/247stiri.ro\/index.php\/wp-json\/wp\/v2\/media\/9285"}],"wp:attachment":[{"href":"https:\/\/247stiri.ro\/index.php\/wp-json\/wp\/v2\/media?parent=9286"}],"wp:term":[{"taxonomy":"category","embeddable":true,"href":"https:\/\/247stiri.ro\/index.php\/wp-json\/wp\/v2\/categories?post=9286"},{"taxonomy":"post_tag","embeddable":true,"href":"https:\/\/247stiri.ro\/index.php\/wp-json\/wp\/v2\/tags?post=9286"}],"curies":[{"name":"wp","href":"https:\/\/api.w.org\/{rel}","templated":true}]}}