{"id":9312,"date":"2024-11-21T06:45:49","date_gmt":"2024-11-21T06:45:49","guid":{"rendered":"https:\/\/247stiri.ro\/index.php\/2024\/11\/21\/revoltator-trenul-nou-de-la-alstom-anulat-in-a-doua-zi-de-circulatie-din-cauza-unor-erori-afisate-de-computerul-de-bord\/"},"modified":"2024-11-21T06:45:49","modified_gmt":"2024-11-21T06:45:49","slug":"revoltator-trenul-nou-de-la-alstom-anulat-in-a-doua-zi-de-circulatie-din-cauza-unor-erori-afisate-de-computerul-de-bord","status":"publish","type":"post","link":"https:\/\/247stiri.ro\/index.php\/2024\/11\/21\/revoltator-trenul-nou-de-la-alstom-anulat-in-a-doua-zi-de-circulatie-din-cauza-unor-erori-afisate-de-computerul-de-bord\/","title":{"rendered":"REVOLT\u0102TOR: Trenul nou de la Alstom, ANULAT \u00een a doua zi de circula\u021bie, din cauza unor \u201eerori afi\u0219ate de computerul de bord\u201d"},"content":{"rendered":"<p>Trenul Alstom Coradia Stream, care a fost pus, miercuri, \u00een circula\u021bie pe ruta Bucure\u0219ti- Bra\u0219ov, a fost anulat \u00een joi diminea\u021b\u0103. Anun\u021bul a fost f\u0103cut de Autoritatea pentru Reform\u0103 Feroviar\u0103, care a spus c\u0103 au ap\u0103rut \u201eerori afi\u0219ate de computerul de bord, erori care nu s-au resetat \u00een timp util.<\/p>\n<p>Trenul ar fi trebuit s\u0103 plece din Gara de Nord, c\u0103tre Bra\u0219ov, la ora 5.40, iar apoi ar fi trebuit s\u0103 fac\u0103 \u0219i cursa Bra\u0219ov \u2013 Bucure\u0219ti.<\/p>\n<p>Conform sursei citate, trenul nu a mai plecat \u00een aceast\u0103 diminea\u021b\u0103, iar pasagerii au fost direc\u021biona\u021bi spre trenul IR 1735, care a plecat la 6.11.<\/p>\n<p>Cum exist\u0103 un singur tren Alstom Coradia Stream, nu a putut fi pus\u0103 \u00een circula\u021bie o garnitur\u0103 de acela\u0219i tip \u00een locul celei cu probleme. Trenul anulat avea num\u0103rul 16001 \u0219i ar fi trebuit s\u0103 ajung\u0103 la ora 8.08 la Bra\u0219ov.<\/p>\n<p>Ce spune Autoritatea pentru Reform\u0103 Feroviar\u0103<\/p>\n<p>\u201eTrenul nou a trebuit s\u0103 fie anulat \u00een aceast\u0103 diminea\u021b\u0103 \u00een urma unor erori afi\u0219ate de computerul de bord care nu s-au resetat \u00een timp util, dup\u0103 tractarea la depou \u0219i decuplarea locomotivei de manevr\u0103. C\u0103l\u0103torii au fost redirijati c\u0103tre urm\u0103torul tren programat cu 30 de minute mai t\u00e2rziu. Reamintim faptul c\u0103 trenul Coradia Stream preluat de ARF \u0219i pus \u00een circula\u021bie (din lotul de 37 de trenuri contractate \u00een martie 2022) nu are \u00een prezent vreo rezerv\u0103 tehnic\u0103, p\u00e2n\u0103 la intrarea \u00een parc a urm\u0103toarelor trenuri\u201d, au transmis reprezentan\u021bii ARF.<\/p>","protected":false},"excerpt":{"rendered":"<p>Trenul Alstom Coradia Stream, care a fost pus, miercuri, \u00een circula\u021bie pe ruta Bucure\u0219ti- Bra\u0219ov,&hellip;<\/p>\n","protected":false},"author":0,"featured_media":9313,"comment_status":"open","ping_status":"open","sticky":false,"template":"","format":"standard","meta":{"footnotes":""},"categories":[2],"tags":[],"class_list":["post-9312","post","type-post","status-publish","format-standard","has-post-thumbnail","hentry","category-actual"],"_links":{"self":[{"href":"https:\/\/247stiri.ro\/index.php\/wp-json\/wp\/v2\/posts\/9312","targetHints":{"allow":["GET"]}}],"collection":[{"href":"https:\/\/247stiri.ro\/index.php\/wp-json\/wp\/v2\/posts"}],"about":[{"href":"https:\/\/247stiri.ro\/index.php\/wp-json\/wp\/v2\/types\/post"}],"replies":[{"embeddable":true,"href":"https:\/\/247stiri.ro\/index.php\/wp-json\/wp\/v2\/comments?post=9312"}],"version-history":[{"count":0,"href":"https:\/\/247stiri.ro\/index.php\/wp-json\/wp\/v2\/posts\/9312\/revisions"}],"wp:featuredmedia":[{"embeddable":true,"href":"https:\/\/247stiri.ro\/index.php\/wp-json\/wp\/v2\/media\/9313"}],"wp:attachment":[{"href":"https:\/\/247stiri.ro\/index.php\/wp-json\/wp\/v2\/media?parent=9312"}],"wp:term":[{"taxonomy":"category","embeddable":true,"href":"https:\/\/247stiri.ro\/index.php\/wp-json\/wp\/v2\/categories?post=9312"},{"taxonomy":"post_tag","embeddable":true,"href":"https:\/\/247stiri.ro\/index.php\/wp-json\/wp\/v2\/tags?post=9312"}],"curies":[{"name":"wp","href":"https:\/\/api.w.org\/{rel}","templated":true}]}}