{"id":9328,"date":"2024-11-21T07:45:48","date_gmt":"2024-11-21T07:45:48","guid":{"rendered":"https:\/\/247stiri.ro\/index.php\/2024\/11\/21\/doliu-in-politica-internationala-a-incetat-din-viata-cel-mai-longeviv-viceprim-ministru-al-regatului-unit-care-in-2007-a-vizitat-romania\/"},"modified":"2024-11-21T07:45:48","modified_gmt":"2024-11-21T07:45:48","slug":"doliu-in-politica-internationala-a-incetat-din-viata-cel-mai-longeviv-viceprim-ministru-al-regatului-unit-care-in-2007-a-vizitat-romania","status":"publish","type":"post","link":"https:\/\/247stiri.ro\/index.php\/2024\/11\/21\/doliu-in-politica-internationala-a-incetat-din-viata-cel-mai-longeviv-viceprim-ministru-al-regatului-unit-care-in-2007-a-vizitat-romania\/","title":{"rendered":"Doliu \u00een politica interna\u021bional\u0103! A \u00eencetat din via\u021b\u0103 cel mai longeviv viceprim-ministru al Regatului Unit care, \u00een 2007, a vizitat Rom\u00e2nia"},"content":{"rendered":"<p>Potrivit anun\u021bului f\u0103cut de membrii familiei, fostul vicepremier britanic a murit lini\u015ftit miercuri, \u00een sunetul muzicii de jazz, la azilul \u00een care era internat.<\/p>\n<p>John Prescott a fost viceprim-ministru \u00eentre 1997 \u015fi 2007 \u015fi \u00een aceast\u0103 calitate a vizitat inclusiv Rom\u00e2nia.<\/p>\n<p>El a fost unul dintre cei mai vizibili \u015fi pitore\u015fti mini\u015ftri ai lui Blair \u015fi a fost cunoscut ca un politician care vorbea simplu \u015fi care a f\u0103cut o punte \u00eentre st\u00e2nga tradi\u0163ional\u0103 \u015fi adep\u0163ii curentului modernist din Partidul Laburist.<\/p>\n<p>Tony Blair s-a declarat \u201edevastat\u201d de moartea fostului s\u0103u adjunct, \u00een timp ce premierul Keir Starmer l-a numit \u201eun adev\u0103rat gigant al mi\u015fc\u0103rii laburiste\u201d, care va r\u0103m\u00e2ne \u00een amintire pentru \u201econvingerea, curajul \u015fi t\u0103ria sa de caracter\u201d.<\/p>\n<p>Fostul vicepre\u015fedinte american Al Gore, care a lucrat cu John Prescott la Protocolul de la Kyoto &#8211; primul acord global privind schimb\u0103rile climatice &#8211; \u00een 1997, a spus c\u0103 nu a lucrat niciodat\u0103 cu cineva ca John Prescott \u00een politic\u0103. \u201eAvea o capacitate inerent\u0103 de a intra \u00een contact cu oamenii \u00een leg\u0103tur\u0103 cu problemele care \u00eei interesau &#8211; un talent pe care al\u0163ii \u00eel studiaz\u0103 \u015fi \u00eel cultiv\u0103 ani de zile, dar care pentru el era o a doua natur\u0103\u201d, a spus Al Gore.<\/p>\n<p>John Prescott r\u0103m\u00e2ne cel mai longeviv viceprim-ministru al Regatului Unit, post pe care l-a ocupat pe toat\u0103 durata mandatului lui Tony Blair, \u00eentre 1997 \u015fi 2007.<\/p>","protected":false},"excerpt":{"rendered":"<p>Potrivit anun\u021bului f\u0103cut de membrii familiei, fostul vicepremier britanic a murit lini\u015ftit miercuri, \u00een sunetul&hellip;<\/p>\n","protected":false},"author":0,"featured_media":9323,"comment_status":"open","ping_status":"open","sticky":false,"template":"","format":"standard","meta":{"footnotes":""},"categories":[2],"tags":[],"class_list":["post-9328","post","type-post","status-publish","format-standard","has-post-thumbnail","hentry","category-actual"],"_links":{"self":[{"href":"https:\/\/247stiri.ro\/index.php\/wp-json\/wp\/v2\/posts\/9328","targetHints":{"allow":["GET"]}}],"collection":[{"href":"https:\/\/247stiri.ro\/index.php\/wp-json\/wp\/v2\/posts"}],"about":[{"href":"https:\/\/247stiri.ro\/index.php\/wp-json\/wp\/v2\/types\/post"}],"replies":[{"embeddable":true,"href":"https:\/\/247stiri.ro\/index.php\/wp-json\/wp\/v2\/comments?post=9328"}],"version-history":[{"count":0,"href":"https:\/\/247stiri.ro\/index.php\/wp-json\/wp\/v2\/posts\/9328\/revisions"}],"wp:featuredmedia":[{"embeddable":true,"href":"https:\/\/247stiri.ro\/index.php\/wp-json\/wp\/v2\/media\/9323"}],"wp:attachment":[{"href":"https:\/\/247stiri.ro\/index.php\/wp-json\/wp\/v2\/media?parent=9328"}],"wp:term":[{"taxonomy":"category","embeddable":true,"href":"https:\/\/247stiri.ro\/index.php\/wp-json\/wp\/v2\/categories?post=9328"},{"taxonomy":"post_tag","embeddable":true,"href":"https:\/\/247stiri.ro\/index.php\/wp-json\/wp\/v2\/tags?post=9328"}],"curies":[{"name":"wp","href":"https:\/\/api.w.org\/{rel}","templated":true}]}}