{"id":9331,"date":"2024-11-21T07:45:48","date_gmt":"2024-11-21T07:45:48","guid":{"rendered":"https:\/\/247stiri.ro\/index.php\/2024\/11\/21\/dosarul-generalilor-coldea-si-dumbrava-afla-daca-pot-pleca-din-tara-curtea-de-apel-in-pronuntare\/"},"modified":"2024-11-21T07:45:48","modified_gmt":"2024-11-21T07:45:48","slug":"dosarul-generalilor-coldea-si-dumbrava-afla-daca-pot-pleca-din-tara-curtea-de-apel-in-pronuntare","status":"publish","type":"post","link":"https:\/\/247stiri.ro\/index.php\/2024\/11\/21\/dosarul-generalilor-coldea-si-dumbrava-afla-daca-pot-pleca-din-tara-curtea-de-apel-in-pronuntare\/","title":{"rendered":"Dosarul generalilor. Coldea \u0219i Dumbrav\u0103 afl\u0103 dac\u0103 pot pleca din \u021bar\u0103. Curtea de Apel, \u00een pronun\u021bare"},"content":{"rendered":"<p>Echipa statului paralel a\u0219teapt\u0103 ast\u0103zi pronun\u021barea magistra\u021bilor de la Curtea de Apel Bucure\u0219ti.\u00a0 Florian Coldea, la fel ca Dumitru Dumbrav\u0103 \u0219i avocatul Doru Tr\u0103ila, au contestat controlul judiciar. Instan\u021ba a am\u00e2nat pronun\u021barea pentru ast\u0103zi.<\/p>\n<p>\u00centr-o declara\u021bie pentru Realitatea PLUS, generalul Statului Paralel a negat multe dintre acuza\u021biile care i s-au adus \u00een spa\u021biul public. De exemplu, a afirmat c\u0103 nu o cunoa\u0219te pe Marina Pandarof, de\u0219i au ap\u0103rut imagini cu cei doi. De asemena, a afirmat c\u0103 \u201enu sunt deloc \u00eentr-o situa\u021bie disperat\u0103. Este o procedur\u0103 fireasc\u0103 s\u0103 atac\u0103m \u0219i s\u0103 ne ap\u0103r\u0103m \u00een instan\u021b\u0103&#8221;.<\/p>\n<p>S\u0103pt\u0103m\u00e2na trecut\u0103, cei patru inculpa\u021bi s-au prezentat la DNA, acolo unde li s-a prelungit din nou m\u0103sura preventiv\u0103 a controlului judiciar pentru \u00eenc\u0103 60 de zile.\u00a0<\/p>\n<p>Cei patru \u00eencearc\u0103 s\u0103 scape de aceast\u0103 m\u0103sur\u0103 preventiv\u0103 \u0219i s\u0103 p\u0103r\u0103seasc\u0103 \u021bara. Au fost depuse mai multe denun\u021buri de c\u0103tre martori cu identitate protejat\u0103, dar \u0219i un alt nume foarte important a reie\u0219it din aceast\u0103 conexiune, Daniel Moldoveanu, fostul consilier al lui Traian B\u0103sescu pe probleme de securitate na\u021bional\u0103 care ar fi fost implicat, la r\u00e2ndul s\u0103u, \u00een afacerilor generalilor. S-ar fi \u00eencercat \u0219i o mediere de c\u0103tre Florian Coldea printr-un mesager trimis la denun\u021b\u0103torul principal, C\u0103t\u0103lin Hideg.\u00a0<\/p>\n<p>Nu este exclus s\u0103 vedem ca, p\u00e2n\u0103 la finalul anului, unul dintre dosare s\u0103 fie trimis \u00een instan\u021b\u0103.\u00a0<\/p>\n<p><a href=\"https:\/\/www.realitatea.net\/stiri\/actual\/culisele-statului-paralel-catalin-hideg-noi-acuzatii-impotriva-lui-florian-coldea-denuntatorul-generalilor-sustine-ca-a-fost-cautat-prin-intermediari-si-promite-noi-dezvaluiri-la-dna_67366d5121f014311c793407\" target=\"_blank\">Culisele Statului Paralel. C\u0103t\u0103lin Hideg, noi acuza\u021bii \u00eempotriva lui Florian Coldea! Denun\u021b\u0103torul generalilor sus\u021bine c\u0103 a fost c\u0103utat prin intermediari \u0219i promite alte probe la DNA<\/a><\/p>","protected":false},"excerpt":{"rendered":"<p>Echipa statului paralel a\u0219teapt\u0103 ast\u0103zi pronun\u021barea magistra\u021bilor de la Curtea de Apel Bucure\u0219ti.\u00a0 Florian Coldea,&hellip;<\/p>\n","protected":false},"author":0,"featured_media":9332,"comment_status":"open","ping_status":"open","sticky":false,"template":"","format":"standard","meta":{"footnotes":""},"categories":[2],"tags":[],"class_list":["post-9331","post","type-post","status-publish","format-standard","has-post-thumbnail","hentry","category-actual"],"_links":{"self":[{"href":"https:\/\/247stiri.ro\/index.php\/wp-json\/wp\/v2\/posts\/9331","targetHints":{"allow":["GET"]}}],"collection":[{"href":"https:\/\/247stiri.ro\/index.php\/wp-json\/wp\/v2\/posts"}],"about":[{"href":"https:\/\/247stiri.ro\/index.php\/wp-json\/wp\/v2\/types\/post"}],"replies":[{"embeddable":true,"href":"https:\/\/247stiri.ro\/index.php\/wp-json\/wp\/v2\/comments?post=9331"}],"version-history":[{"count":0,"href":"https:\/\/247stiri.ro\/index.php\/wp-json\/wp\/v2\/posts\/9331\/revisions"}],"wp:featuredmedia":[{"embeddable":true,"href":"https:\/\/247stiri.ro\/index.php\/wp-json\/wp\/v2\/media\/9332"}],"wp:attachment":[{"href":"https:\/\/247stiri.ro\/index.php\/wp-json\/wp\/v2\/media?parent=9331"}],"wp:term":[{"taxonomy":"category","embeddable":true,"href":"https:\/\/247stiri.ro\/index.php\/wp-json\/wp\/v2\/categories?post=9331"},{"taxonomy":"post_tag","embeddable":true,"href":"https:\/\/247stiri.ro\/index.php\/wp-json\/wp\/v2\/tags?post=9331"}],"curies":[{"name":"wp","href":"https:\/\/api.w.org\/{rel}","templated":true}]}}