{"id":934,"date":"2024-10-22T15:58:44","date_gmt":"2024-10-22T15:58:44","guid":{"rendered":"https:\/\/247stiri.ro\/index.php\/2024\/10\/22\/animalul-care-incepe-sa-dispara-din-gospodariile-romanilor-in-trecut-fiecare-familie-avea-cel-putin-un-exemplar\/"},"modified":"2024-10-22T15:58:44","modified_gmt":"2024-10-22T15:58:44","slug":"animalul-care-incepe-sa-dispara-din-gospodariile-romanilor-in-trecut-fiecare-familie-avea-cel-putin-un-exemplar","status":"publish","type":"post","link":"https:\/\/247stiri.ro\/index.php\/2024\/10\/22\/animalul-care-incepe-sa-dispara-din-gospodariile-romanilor-in-trecut-fiecare-familie-avea-cel-putin-un-exemplar\/","title":{"rendered":"Animalul care \u00eencepe s\u0103 dispar\u0103 din gospod\u0103riile rom\u00e2nilor. \u00cen trecut fiecare familie avea cel pu\u021bin un exemplar"},"content":{"rendered":"<p>\u00a0Impactul urbaniz\u0103rii, schimb\u0103rile \u00een stilul de via\u021b\u0103 \u0219i preferin\u021bele alimentare moderne au dus la o sc\u0103dere alarmant\u0103 a num\u0103rului de exemplare, iar tradi\u021biile care \u00eenconjurau cre\u0219terea acestui animal valoros par a fi pe cale de a se pierde. Astfel, vedem cum o parte esen\u021bial\u0103 a identit\u0103\u021bii rurale se afl\u0103 \u00een pericol, iar viitorul acestei specii r\u0103m\u00e2ne incert.<\/p>\n<p>Pia\u021ba rom\u00e2neasc\u0103 se confrunt\u0103 cu un deficit semnificativ de carne de vit\u0103. Din p\u0103cate, fermierii au redus num\u0103rul de vite pe care le cresc, ceea ce a dus la pierderi considerabile \u0219i \u00een r\u00e2ndul abatoarelor din \u021bar\u0103.<\/p>\n<p>Un proprietar de abator din apropierea Boto\u0219aniului afirm\u0103 c\u0103 efectivele de bovine scad anual, deoarece fermierii nu mai sunt interesa\u021bi s\u0103 creasc\u0103 vite. Spre deosebire de anii anteriori, c\u00e2nd sezonul de toamn\u0103 reprezenta o perioad\u0103 favorabil\u0103 pentru v\u00e2nz\u0103rile de carne \u00een abatoare, situa\u021bia din acest an s-a schimbat dramatic.\u00a0<\/p>\n<p>Mai mult, pre\u021bul pe kilogram a crescut constant, dar fermierii refuz\u0103 s\u0103 aduc\u0103 vite, chiar \u0219i \u00een condi\u021biile \u00een care unele abatoare sunt dispuse s\u0103 ridice animalele direct de la ferme.<\/p>\n<p>\u201dNu sunt animale, \u00eenc\u0103 avem o mare criz\u0103 de materie prim\u0103. Chiar dac\u0103 s-a terminat perioada de reten\u021bie de la APIA, nu sunt animale. Noi t\u0103iem 250 de animale pe zi \u0219i am avea necesar de 300-400 de capete, dar nu vin, nu avem\u201d, a declarat \u0218tefan Tipu pentru\u00a0<a href=\"https:\/\/agrointel.ro\/309582\/proprietar-abator-pret-oferit\">agrointel.ro.<\/a><\/p>\n<p>Abatoarele se ofer\u0103 s\u0103 ridice animalele direct de la ferm\u0103<\/p>\n<p>\u00cen acest moment, abatorul de l\u00e2ng\u0103 Boto\u0219ani ofer\u0103 15 lei \u00een schimbul unui kilogram de carne de vac\u0103. Cu toate acestea, sunt din ce \u00een ce mai pu\u021bini fermieri care accept\u0103 oferta. De asemenea, abatorul se ofer\u0103 s\u0103 preia animalele direct de la ferm\u0103, chiar \u0219i din afara jude\u021bului, pentru a scuti fermierii de o munc\u0103 \u00een plus.<\/p>\n<p>\u201dCondi\u021bia s\u0103 ne deplas\u0103m \u00een afara jude\u021bului este ca fermierul s\u0103 dea la v\u00e2nzare un num\u0103r de circa 80 de capete, iar noi mergem direct cu camionul \u0219i le \u00eenc\u0103rc\u0103m direct din ferm\u0103\u201d,\u00a0a mai spus antreprenorul potrivit sursei citate.<\/p>\n<p>\u0218tefan Tipu a mai declarat c\u0103 plata se face pe loc c\u0103tre cei de la ferme, \u00eens\u0103 nu reprezint\u0103 neap\u0103rat un avantaj pentru abatoare. Din cauza faptului c\u0103 fermierii au renun\u021bat la cre\u0219terea vitelor, num\u0103rul efectivelor a sc\u0103zut considerabil. P\u00e2n\u0103 acum, conduc\u0103torii v\u00e2rstnici ai fermelor se ocupau de cre\u0219terea vacilor, \u00eens\u0103 tinerii au \u00eenceput s\u0103 se concentreze pe alte animale \u0219i nu mai vor s\u0103 se ocupe de vite.<\/p>\n<p><a title=\"Contre intre consilierul lui Isarescu si Daniel Zamfir pe ROBOR si IRCC. Ce pot face romanii impovarati de ratele la banci\" href=\"https:\/\/www.realitatea.net\/stiri\/actual\/contre-intre-consilierul-lui-isarescu-si-daniel-zamfir-pe-robor-si-ircc-ce-pot-face-romanii-impovarati-de-ratele-la-banci_6717b95b2c4e8f38f26cf8b2\">Contre \u00eentre consilierul lui Is\u0103rescu \u0219i Daniel Zamfir pe ROBOR \u0219i IRCC. Ce pot face rom\u00e2nii \u00eempov\u0103ra\u021bi de ratele la b\u0103nci<\/a><\/p>","protected":false},"excerpt":{"rendered":"<p>\u00a0Impactul urbaniz\u0103rii, schimb\u0103rile \u00een stilul de via\u021b\u0103 \u0219i preferin\u021bele alimentare moderne au dus la o&hellip;<\/p>\n","protected":false},"author":0,"featured_media":935,"comment_status":"open","ping_status":"open","sticky":false,"template":"","format":"standard","meta":{"footnotes":""},"categories":[2],"tags":[],"class_list":["post-934","post","type-post","status-publish","format-standard","has-post-thumbnail","hentry","category-actual"],"_links":{"self":[{"href":"https:\/\/247stiri.ro\/index.php\/wp-json\/wp\/v2\/posts\/934","targetHints":{"allow":["GET"]}}],"collection":[{"href":"https:\/\/247stiri.ro\/index.php\/wp-json\/wp\/v2\/posts"}],"about":[{"href":"https:\/\/247stiri.ro\/index.php\/wp-json\/wp\/v2\/types\/post"}],"replies":[{"embeddable":true,"href":"https:\/\/247stiri.ro\/index.php\/wp-json\/wp\/v2\/comments?post=934"}],"version-history":[{"count":0,"href":"https:\/\/247stiri.ro\/index.php\/wp-json\/wp\/v2\/posts\/934\/revisions"}],"wp:featuredmedia":[{"embeddable":true,"href":"https:\/\/247stiri.ro\/index.php\/wp-json\/wp\/v2\/media\/935"}],"wp:attachment":[{"href":"https:\/\/247stiri.ro\/index.php\/wp-json\/wp\/v2\/media?parent=934"}],"wp:term":[{"taxonomy":"category","embeddable":true,"href":"https:\/\/247stiri.ro\/index.php\/wp-json\/wp\/v2\/categories?post=934"},{"taxonomy":"post_tag","embeddable":true,"href":"https:\/\/247stiri.ro\/index.php\/wp-json\/wp\/v2\/tags?post=934"}],"curies":[{"name":"wp","href":"https:\/\/api.w.org\/{rel}","templated":true}]}}