{"id":9347,"date":"2024-11-21T08:45:08","date_gmt":"2024-11-21T08:45:08","guid":{"rendered":"https:\/\/247stiri.ro\/index.php\/2024\/11\/21\/george-simion-mesaj-de-forta-la-alexandria-pe-24-noiembrie-o-sa-le-aratam-tuturor-tradatorilor-ca-romanii-s-au-trezit\/"},"modified":"2024-11-21T08:45:08","modified_gmt":"2024-11-21T08:45:08","slug":"george-simion-mesaj-de-forta-la-alexandria-pe-24-noiembrie-o-sa-le-aratam-tuturor-tradatorilor-ca-romanii-s-au-trezit","status":"publish","type":"post","link":"https:\/\/247stiri.ro\/index.php\/2024\/11\/21\/george-simion-mesaj-de-forta-la-alexandria-pe-24-noiembrie-o-sa-le-aratam-tuturor-tradatorilor-ca-romanii-s-au-trezit\/","title":{"rendered":"George Simion, mesaj de for\u021b\u0103 la Alexandria: Pe 24 noiembrie, o s\u0103 le ar\u0103t\u0103m tuturor tr\u0103d\u0103torilor c\u0103 rom\u00e2nii s-au trezit!"},"content":{"rendered":"<p>&#8222;Am vorbit \u00een aceast\u0103 campanie cu oamenii \u0219i la Zimnicea, \u0219i la Ro\u0219iori de Vede, \u0219i la Videle, \u0219i la Sm\u00e2rdioasa, \u0219i la Orbeasca, \u0219i la \u0218torob\u0103neasa, \u00een multe locuri am fost \u00een aceast\u0103 campanie. C\u00e2nd vorbe\u0219ti cu oamenii, afli adev\u0103rul dureros.<\/p>\n<p>Teleormanul a fost l\u0103sat \u00een urm\u0103. Jude\u021bul \u0103sta bogat \u00een resurse naturale \u0219i \u00een oameni harnici a fost transformat de politicieni f\u0103r\u0103 scrupule \u00eentr-un simbol al s\u0103r\u0103ciei \u0219i al depopul\u0103rii.\u00a0<\/p>\n<p>Un jude\u021b care a fost timp de decenii \u021binut captiv de corup\u021bie, de incompeten\u021b\u0103, de promisiuni de\u0219arte, din p\u0103cate a ajuns unde este ast\u0103zi.\u00a0<\/p>\n<p>\u0218i sunt aici \u00een Alexandria s\u0103 discut\u0103m despre realit\u0103\u021bi pe care al\u021bii nu au curajul s\u0103 le recunoasc\u0103 \u0219i despre solu\u021biile pe care le avem. Pentru c\u0103 eu cred cu t\u0103rie c\u0103 Teleormanul poate rena\u0219te iar Rom\u00e2nia poate merge \u00eenainte. \u00cenainte, nu \u00eenapoi, nu cum a mers p\u00e2n\u0103 acum, nu cu a\u0219a-zisa stabilitate, pentru c\u0103 popula\u021bia din Teleorman a sc\u0103zut cu 50.000 de oameni \u00een ultimul deceniu \u0219i tinerii au plecat pe capete.\u00a0<\/p>\n<p>\u0218tiu foarte mul\u021bi tineri capabili, fiii \u0219i fiicele voastre care sunt la Bucure\u0219ti sau sunt prin Italia, prin Anglia, prin Spania. \u0218i cei r\u0103ma\u0219i abia \u00ee\u0219i duc traiul de pe zi pe alta. \u0218omajul este printre cele mai ridicate din \u021bar\u0103, salariile printre cele mai mici, contribu\u021bia Teleormanului la PIB-ul Rom\u00e2niei aproape invizibil\u0103, 1%. Cum s\u0103 tr\u0103ie\u0219ti decent cu 1%?<\/p>\n<p>\u00cencet-\u00eencet jude\u021bul a fost transformat, special, \u00eentr-un simbol al e\u0219ecului. Sunte\u021bi acolo \u0219i v\u0103 bate\u021bi pe ultimul loc cu Boto\u0219ani \u0219i cu Vaslui. \u0218i de ce s-a ajuns aici? Pentru c\u0103 \u00een loc s\u0103 se construiasc\u0103 pentru oameni, politicienii de la PSD \u0219i PNL au construit pentru ei&#8221;, a spus George Simion, \u00een discursul s\u0103u.<\/p>\n<p>&#8222;Micii agricultori ar trebui s\u0103 primeasc\u0103 sprijin real din partea unei b\u0103nci a statului care s\u0103 ofere credite cu dob\u00e2nd\u0103 zero sau credite de 1-2%, nu credite c\u0103m\u0103t\u0103re\u0219ti ca \u00een prezent. Trebuie create acele depozite pentru stocarea recoltelor despre care am vorbit \u0219i au nevoie de o pia\u021b\u0103 corect\u0103 pentru a-\u0219i vinde produsele, nu s\u0103 le lase prad\u0103 samsarilor care cump\u0103r\u0103 imediat c\u00e2nd pre\u021bul este mic \u0219i oamenii nu mai \u00een\u021beleg nimic de pe urma muncilor&#8221;, a mai spus Simion.<\/p>\n<p>&#8222;Teleormanul merit\u0103 mai mult, Rom\u00e2nia merit\u0103 mai mult \u0219i \u00eempreun\u0103 vom reu\u0219i! Pe 24 noiembrie, adic\u0103 duminica asta, o s\u0103 le ar\u0103t\u0103m tuturor tr\u0103d\u0103torilor c\u0103 rom\u00e2nii s-au trezit, c\u0103 am ascultat himnul la \u00eenceput, acum ori niciodat\u0103 croie\u0219te-\u021bi alt\u0103 soart\u0103 \u0219i trezi\u021bi-v\u0103 din somnul cel de moarte, gata s\u0103 ne eliber\u0103m de toate fantomele trecutului \u0219i de to\u021bi copiii lui Iliescu. Tr\u0103iasc\u0103 Teleormanul, tr\u0103iasc\u0103 Liviu Vasilic\u0103, tr\u0103iasc\u0103 Rom\u00e2nia!&#8221;, a mai spus Simion.<\/p>\n<p>CMF 31240006<\/p>","protected":false},"excerpt":{"rendered":"<p>&#8222;Am vorbit \u00een aceast\u0103 campanie cu oamenii \u0219i la Zimnicea, \u0219i la Ro\u0219iori de Vede,&hellip;<\/p>\n","protected":false},"author":0,"featured_media":9348,"comment_status":"open","ping_status":"open","sticky":false,"template":"","format":"standard","meta":{"footnotes":""},"categories":[3],"tags":[],"class_list":["post-9347","post","type-post","status-publish","format-standard","has-post-thumbnail","hentry","category-politica"],"_links":{"self":[{"href":"https:\/\/247stiri.ro\/index.php\/wp-json\/wp\/v2\/posts\/9347","targetHints":{"allow":["GET"]}}],"collection":[{"href":"https:\/\/247stiri.ro\/index.php\/wp-json\/wp\/v2\/posts"}],"about":[{"href":"https:\/\/247stiri.ro\/index.php\/wp-json\/wp\/v2\/types\/post"}],"replies":[{"embeddable":true,"href":"https:\/\/247stiri.ro\/index.php\/wp-json\/wp\/v2\/comments?post=9347"}],"version-history":[{"count":0,"href":"https:\/\/247stiri.ro\/index.php\/wp-json\/wp\/v2\/posts\/9347\/revisions"}],"wp:featuredmedia":[{"embeddable":true,"href":"https:\/\/247stiri.ro\/index.php\/wp-json\/wp\/v2\/media\/9348"}],"wp:attachment":[{"href":"https:\/\/247stiri.ro\/index.php\/wp-json\/wp\/v2\/media?parent=9347"}],"wp:term":[{"taxonomy":"category","embeddable":true,"href":"https:\/\/247stiri.ro\/index.php\/wp-json\/wp\/v2\/categories?post=9347"},{"taxonomy":"post_tag","embeddable":true,"href":"https:\/\/247stiri.ro\/index.php\/wp-json\/wp\/v2\/tags?post=9347"}],"curies":[{"name":"wp","href":"https:\/\/api.w.org\/{rel}","templated":true}]}}