{"id":9357,"date":"2024-11-21T08:45:09","date_gmt":"2024-11-21T08:45:09","guid":{"rendered":"https:\/\/247stiri.ro\/index.php\/2024\/11\/21\/reuniune-cruciala-la-budapesta-romania-ar-putea-sa-adere-deplin-la-spatiul-schengen\/"},"modified":"2024-11-21T08:45:09","modified_gmt":"2024-11-21T08:45:09","slug":"reuniune-cruciala-la-budapesta-romania-ar-putea-sa-adere-deplin-la-spatiul-schengen","status":"publish","type":"post","link":"https:\/\/247stiri.ro\/index.php\/2024\/11\/21\/reuniune-cruciala-la-budapesta-romania-ar-putea-sa-adere-deplin-la-spatiul-schengen\/","title":{"rendered":"Reuniune crucial\u0103 la Budapesta: Rom\u00e2nia ar putea s\u0103 adere deplin la spa\u021biul Schengen"},"content":{"rendered":"<p>Reuniunea marcheaz\u0103 un moment de cotitur\u0103 pentru Rom\u00e2nia \u0219i Bulgaria, ambele state fiind de mult\u0103 vreme preg\u0103tite tehnic pentru aderare, dar blocate politic de rezervele Austriei \u0219i, anterior, ale altor state membre. \u00cent\u00e2lnirea de la Budapesta are loc sub pre\u0219edin\u021bia Ungariei la Consiliul UE, un actor care \u0219i-a exprimat constant sprijinul pentru extinderea Schengen.<\/p>\n<p>Ministrul austriac Gerhard Karner va avea discu\u021bii directe cu omologii s\u0103i rom\u00e2n \u0219i bulgar, urm\u00e2nd s\u0103 fie adoptat un set de m\u0103suri suplimentare menite s\u0103 \u00eent\u0103reasc\u0103 securitatea frontierelor externe ale UE. De\u0219i Rom\u00e2nia \u0219i Bulgaria \u00eendeplinesc deja criteriile tehnice pentru aderare, pachetul de m\u0103suri propus ar putea viza consolidarea colabor\u0103rii regionale \u0219i combaterea migra\u021biei ilegale \u2013 subiecte sensibile pentru Austria.<\/p>\n<p>Austria a fost principalul opozant al extinderii Schengen, invoc\u00e2nd preocup\u0103ri legate de migra\u021bie \u0219i securitate. Cu toate acestea, presiunile diplomatice \u0219i progresele f\u0103cute de Rom\u00e2nia \u0219i Bulgaria \u00een gestionarea frontierelor par s\u0103 fi convins Viena s\u0103 adopte o abordare mai flexibil\u0103. Anun\u021bul oficial al renun\u021b\u0103rii veto-ului austriac este a\u0219teptat la finalul reuniunii.<\/p>\n<p>Intrarea efectiv\u0103 \u00een Spa\u021biul Schengen ar reprezenta un pas istoric pentru cele dou\u0103 \u021b\u0103ri. Extinderea Schengen este nu doar o chestiune tehnic\u0103, ci \u0219i un simbol al unit\u0103\u021bii europene. Aderarea Rom\u00e2niei \u0219i Bulgariei ar elimina controalele la frontierele interne cu celelalte state membre Schengen, facilit\u00e2nd transportul, comer\u021bul \u0219i mobilitatea cet\u0103\u021benilor.<\/p>","protected":false},"excerpt":{"rendered":"<p>Reuniunea marcheaz\u0103 un moment de cotitur\u0103 pentru Rom\u00e2nia \u0219i Bulgaria, ambele state fiind de mult\u0103&hellip;<\/p>\n","protected":false},"author":0,"featured_media":9342,"comment_status":"open","ping_status":"open","sticky":false,"template":"","format":"standard","meta":{"footnotes":""},"categories":[2],"tags":[],"class_list":["post-9357","post","type-post","status-publish","format-standard","has-post-thumbnail","hentry","category-actual"],"_links":{"self":[{"href":"https:\/\/247stiri.ro\/index.php\/wp-json\/wp\/v2\/posts\/9357","targetHints":{"allow":["GET"]}}],"collection":[{"href":"https:\/\/247stiri.ro\/index.php\/wp-json\/wp\/v2\/posts"}],"about":[{"href":"https:\/\/247stiri.ro\/index.php\/wp-json\/wp\/v2\/types\/post"}],"replies":[{"embeddable":true,"href":"https:\/\/247stiri.ro\/index.php\/wp-json\/wp\/v2\/comments?post=9357"}],"version-history":[{"count":0,"href":"https:\/\/247stiri.ro\/index.php\/wp-json\/wp\/v2\/posts\/9357\/revisions"}],"wp:featuredmedia":[{"embeddable":true,"href":"https:\/\/247stiri.ro\/index.php\/wp-json\/wp\/v2\/media\/9342"}],"wp:attachment":[{"href":"https:\/\/247stiri.ro\/index.php\/wp-json\/wp\/v2\/media?parent=9357"}],"wp:term":[{"taxonomy":"category","embeddable":true,"href":"https:\/\/247stiri.ro\/index.php\/wp-json\/wp\/v2\/categories?post=9357"},{"taxonomy":"post_tag","embeddable":true,"href":"https:\/\/247stiri.ro\/index.php\/wp-json\/wp\/v2\/tags?post=9357"}],"curies":[{"name":"wp","href":"https:\/\/api.w.org\/{rel}","templated":true}]}}