{"id":9373,"date":"2024-11-21T09:44:53","date_gmt":"2024-11-21T09:44:53","guid":{"rendered":"https:\/\/247stiri.ro\/index.php\/2024\/11\/21\/kremlinul-schimba-strategia-rusia-a-lansat-o-racheta-balistica-intercontinentala-intr-un-atac-asupra-fara-precedent-asupra-ucrainei-cat-de-grava-este-situatia\/"},"modified":"2024-11-21T09:44:53","modified_gmt":"2024-11-21T09:44:53","slug":"kremlinul-schimba-strategia-rusia-a-lansat-o-racheta-balistica-intercontinentala-intr-un-atac-asupra-fara-precedent-asupra-ucrainei-cat-de-grava-este-situatia","status":"publish","type":"post","link":"https:\/\/247stiri.ro\/index.php\/2024\/11\/21\/kremlinul-schimba-strategia-rusia-a-lansat-o-racheta-balistica-intercontinentala-intr-un-atac-asupra-fara-precedent-asupra-ucrainei-cat-de-grava-este-situatia\/","title":{"rendered":"Kremlinul schimb\u0103 strategia! Rusia a lansat o rachet\u0103 balistic\u0103 intercontinental\u0103 \u00eentr-un atac asupra f\u0103r\u0103 precedent asupra Ucrainei: c\u00e2t de grav\u0103 este situa\u021bia"},"content":{"rendered":"<p>Kievul nu a precizat ce tip de rachet\u0103 balistic\u0103 intercontinental\u0103 a fost lansat\u0103.<\/p>\n<p>Rachetele balistice intercontinentale (ICBM) au o raz\u0103 de ac\u0163iune de mii de kilometri \u015fi pot fi utilizate pentru lansarea de focoase nucleare, de\u015fi pot avea \u015fi focoase conven\u0163ionale.<\/p>\n<p>Atacul vine dup\u0103 ce Ucraina a folosit <a href=\"https:\/\/www.realitatea.net\/stiri\/actual\/precedentul-care-poate-scurta-razboiul-ucraina-a-tras-pentru-prima-data-cu-rachete-atacms-asupra-rusiei_673c6f47015974438f219eec\" target=\"_blank\">rachete americane<\/a> \u015fi britanice pentru a lovi \u0163inte din interiorul Rusiei \u00een aceast\u0103 s\u0103pt\u0103m\u00e2n\u0103, un lucru pe care Moscova avertizeaz\u0103 de luni de zile c\u0103 l-ar considera o escaladare major\u0103.<\/p>\n<p>Din comunicatul Kievului nu este clar ce a vizat racheta balistic\u0103 intercontinental\u0103 \u015fi dac\u0103 a provocat pagube.<\/p>\n<p>Anterior, autorit\u0103\u0163ile ucrainene anun\u0163aser\u0103 c\u0103 un atac rusesc a vizat \u00eentreprinderi \u015fi infrastructur\u0103 critic\u0103 \u00een ora\u015ful Dnipro din centrul \u0163\u0103rii.<\/p>\n<p>Ap\u0103rarea aerian\u0103 ucrainean\u0103 a anun\u0163at c\u0103 a dobor\u00e2t \u015fase rachete de croazier\u0103 Kh-101 \u00een timpul atacului rusesc de joi diminea\u0163\u0103. \u201e\u00cen special, o rachet\u0103 balistic\u0103 intercontinental\u0103 a fost lansat\u0103 din regiunea Astrahan din Federa\u0163ia Rus\u0103\u201d, au declarat for\u0163ele aeriene, detaliind tipurile de arme utilizate \u00een atac.<\/p>","protected":false},"excerpt":{"rendered":"<p>Kievul nu a precizat ce tip de rachet\u0103 balistic\u0103 intercontinental\u0103 a fost lansat\u0103. Rachetele balistice&hellip;<\/p>\n","protected":false},"author":0,"featured_media":9366,"comment_status":"open","ping_status":"open","sticky":false,"template":"","format":"standard","meta":{"footnotes":""},"categories":[2],"tags":[],"class_list":["post-9373","post","type-post","status-publish","format-standard","has-post-thumbnail","hentry","category-actual"],"_links":{"self":[{"href":"https:\/\/247stiri.ro\/index.php\/wp-json\/wp\/v2\/posts\/9373","targetHints":{"allow":["GET"]}}],"collection":[{"href":"https:\/\/247stiri.ro\/index.php\/wp-json\/wp\/v2\/posts"}],"about":[{"href":"https:\/\/247stiri.ro\/index.php\/wp-json\/wp\/v2\/types\/post"}],"replies":[{"embeddable":true,"href":"https:\/\/247stiri.ro\/index.php\/wp-json\/wp\/v2\/comments?post=9373"}],"version-history":[{"count":0,"href":"https:\/\/247stiri.ro\/index.php\/wp-json\/wp\/v2\/posts\/9373\/revisions"}],"wp:featuredmedia":[{"embeddable":true,"href":"https:\/\/247stiri.ro\/index.php\/wp-json\/wp\/v2\/media\/9366"}],"wp:attachment":[{"href":"https:\/\/247stiri.ro\/index.php\/wp-json\/wp\/v2\/media?parent=9373"}],"wp:term":[{"taxonomy":"category","embeddable":true,"href":"https:\/\/247stiri.ro\/index.php\/wp-json\/wp\/v2\/categories?post=9373"},{"taxonomy":"post_tag","embeddable":true,"href":"https:\/\/247stiri.ro\/index.php\/wp-json\/wp\/v2\/tags?post=9373"}],"curies":[{"name":"wp","href":"https:\/\/api.w.org\/{rel}","templated":true}]}}