{"id":9376,"date":"2024-11-21T09:44:53","date_gmt":"2024-11-21T09:44:53","guid":{"rendered":"https:\/\/247stiri.ro\/index.php\/2024\/11\/21\/ninge-la-predeal-se-circula-greu-la-busteni-in-primul-episod-de-iarna-imagini-cu-zapada-de-pe-dn1\/"},"modified":"2024-11-21T09:44:53","modified_gmt":"2024-11-21T09:44:53","slug":"ninge-la-predeal-se-circula-greu-la-busteni-in-primul-episod-de-iarna-imagini-cu-zapada-de-pe-dn1","status":"publish","type":"post","link":"https:\/\/247stiri.ro\/index.php\/2024\/11\/21\/ninge-la-predeal-se-circula-greu-la-busteni-in-primul-episod-de-iarna-imagini-cu-zapada-de-pe-dn1\/","title":{"rendered":"Ninge la Predeal. Se circul\u0103 greu la Bu\u0219teni \u00een primul episod de iarn\u0103. Imagini cu z\u0103pada de pe DN1"},"content":{"rendered":"<p>Conform informa\u021biilor furnizate de Drumurile Na\u021bionale, problemele majore s-au concentrat pe sectorul Timi\u0219 \u2013 Cotul Donului, unde numeroase camioane au r\u0103mas blocate. Drumarii au intervenit pentru tractarea vehiculelor \u0219i deblocarea carosabilului. Dup\u0103 ora 10:00, autoturismele au re\u00eenceput s\u0103 circule pe acest tronson, iar conform directorului Direc\u021biei Regionale de Drumuri \u0219i Poduri (DRDP) Bra\u0219ov, de la Cotul Donului spre limita de jude\u021b, traficul se desf\u0103\u0219oar\u0103 acum \u00een condi\u021bii bune.<\/p>\n<p>Pe raza localit\u0103\u021bii Bu\u0219teni, situa\u021bia a fost \u0219i mai complicat\u0103. Un TIR a derapat, s-a urcat pe un parapet \u0219i a blocat complet \u0219oseaua. Autorit\u0103\u021bile sunt \u00een plin\u0103 desf\u0103\u0219urare a opera\u021biunii de ridicare a vehiculului pentru a elibera carosabilul.<\/p>\n<p>Autorit\u0103\u021bile reitereaz\u0103 necesitatea echip\u0103rii corespunz\u0103toare a vehiculelor pentru sezonul rece, \u00een special pentru TIR-uri, \u0219i solicit\u0103 conduc\u0103torilor auto s\u0103 respecte avertiz\u0103rile \u0219i indica\u021biile echipelor de interven\u021bie.<\/p>\n<p><a href=\"https:\/\/www.realitatea.net\/stiri\/vremea\/cod-rosu-de-viscol-in-romania-rafale-de-pana-la-120-kmh-ninsori-abundente-si-vizibilitate-zero-harta-actualizata_673ee9c851534f6cc01e9ea5\" target=\"_blank\">COD RO\u0218U de VISCOL \u00een Rom\u00e2nia: rafale de p\u00e2n\u0103 la 120 km\/h, ninsori abundente \u0219i vizibilitate ZERO &#8211; HARTA actualizat\u0103<\/a><\/p>","protected":false},"excerpt":{"rendered":"<p>Conform informa\u021biilor furnizate de Drumurile Na\u021bionale, problemele majore s-au concentrat pe sectorul Timi\u0219 \u2013 Cotul&hellip;<\/p>\n","protected":false},"author":0,"featured_media":9377,"comment_status":"open","ping_status":"open","sticky":false,"template":"","format":"standard","meta":{"footnotes":""},"categories":[2],"tags":[],"class_list":["post-9376","post","type-post","status-publish","format-standard","has-post-thumbnail","hentry","category-actual"],"_links":{"self":[{"href":"https:\/\/247stiri.ro\/index.php\/wp-json\/wp\/v2\/posts\/9376","targetHints":{"allow":["GET"]}}],"collection":[{"href":"https:\/\/247stiri.ro\/index.php\/wp-json\/wp\/v2\/posts"}],"about":[{"href":"https:\/\/247stiri.ro\/index.php\/wp-json\/wp\/v2\/types\/post"}],"replies":[{"embeddable":true,"href":"https:\/\/247stiri.ro\/index.php\/wp-json\/wp\/v2\/comments?post=9376"}],"version-history":[{"count":0,"href":"https:\/\/247stiri.ro\/index.php\/wp-json\/wp\/v2\/posts\/9376\/revisions"}],"wp:featuredmedia":[{"embeddable":true,"href":"https:\/\/247stiri.ro\/index.php\/wp-json\/wp\/v2\/media\/9377"}],"wp:attachment":[{"href":"https:\/\/247stiri.ro\/index.php\/wp-json\/wp\/v2\/media?parent=9376"}],"wp:term":[{"taxonomy":"category","embeddable":true,"href":"https:\/\/247stiri.ro\/index.php\/wp-json\/wp\/v2\/categories?post=9376"},{"taxonomy":"post_tag","embeddable":true,"href":"https:\/\/247stiri.ro\/index.php\/wp-json\/wp\/v2\/tags?post=9376"}],"curies":[{"name":"wp","href":"https:\/\/api.w.org\/{rel}","templated":true}]}}