{"id":9378,"date":"2024-11-21T09:44:53","date_gmt":"2024-11-21T09:44:53","guid":{"rendered":"https:\/\/247stiri.ro\/index.php\/2024\/11\/21\/ursula-von-der-leyen-incident-inedit-preledintele-pe-a-acordat-primul-ajutor-unui-pasager-care-a-suferit-o-urgenta-medicala-in-timpul-unui-zbor\/"},"modified":"2024-11-21T09:44:53","modified_gmt":"2024-11-21T09:44:53","slug":"ursula-von-der-leyen-incident-inedit-preledintele-pe-a-acordat-primul-ajutor-unui-pasager-care-a-suferit-o-urgenta-medicala-in-timpul-unui-zbor","status":"publish","type":"post","link":"https:\/\/247stiri.ro\/index.php\/2024\/11\/21\/ursula-von-der-leyen-incident-inedit-preledintele-pe-a-acordat-primul-ajutor-unui-pasager-care-a-suferit-o-urgenta-medicala-in-timpul-unui-zbor\/","title":{"rendered":"Ursula von der Leyen, incident inedit. Preledintele PE a acordat PRIMUL AJUTOR unui pasager care a suferit o urgen\u0163\u0103 medical\u0103 \u00een timpul unui zbor"},"content":{"rendered":"<p>Ursula von der Leyen, care se \u00eentorcea de la summitul G20 de la Rio de Janeiro, se afla la bordul unei curse Swiss Air, care o ducea de la Zurich la Bruxelles.<\/p>\n<p>La un moment dat, personalul de la bord al companiei aeriene a solicitat ajutor dup\u0103 ce un pasager a suferit o urgen\u0163\u0103 medical\u0103.<\/p>\n<p>Un jurnalist aflat la bordul avionului a asistat la scen\u0103 \u015fi a recunoscut-o pe pre\u015fedinta Comisiei Europene.<\/p>\n<p>La solicitarea publica\u0163iei elve\u0163iene 20 Minuten, compania aerian\u0103 a confirmat c\u0103 a existat un incident de s\u0103n\u0103tate \u00een care a fost implicat un pasager la bordul aeronavei \u00een cauz\u0103, \u00een timpul c\u0103ruia un alt pasager a acordat primul ajutor. Din motive de confiden\u0163ialitate, biroul de pres\u0103 a nu a furnizat nicio informa\u0163ie cu privire la persoanele implicate sau la starea de s\u0103n\u0103tate a pasagerului \u00een cauz\u0103.<\/p>\n<p><a href=\"https:\/\/www.realitatea.net\/stiri\/actual\/ursula-von-der-leyen-in-fata-tacticilor-hibride-ale-rusiei-republica-moldova-a-aratat-ca-este-independenta_6716764dc5762202a573d9e9\" target=\"_blank\">Ursula von der Leyen: &#8222;\u00cen fa\u0163a tacticilor hibride ale Rusiei, Republica Moldova a ar\u0103tat c\u0103 este independent\u0103\u201d<\/a><\/p>\n<p>\u201eA\u015fa cum se \u00eent\u00e2mpl\u0103 \u00een astfel de cazuri, personalul companiei aeriene de la bord a \u00eentrebat dac\u0103 vreun pasager are cuno\u015ftin\u0163e medicale\u201d, a declarat ulterior Arianna Podesta, purt\u0103tor de cuv\u00e2nt al Comisiei Europene. \u201ePrin urmare, pre\u015fedinta (von der Leyen) a acordat asisten\u0163\u0103 pasagerului care avea nevoie de ajutor p\u00e2n\u0103 la aterizare, c\u00e2nd personalul medical a preluat controlul\u201d, a confirmat purt\u0103toarea de cuv\u00e2nt.<\/p>\n<p>\u00cenainte de cariera sa politic\u0103, Ursula von der Leyen a fost medic, ea absolvind Facultatea de Medicin\u0103 din Hanovra. \u00cen timpul studen\u0163iei, ea a lucrat ca medic asistent la clinica ginecologic\u0103 a Facult\u0103\u0163ii de Medicin\u0103 din Hanovra, \u00eentre 1988 \u015fi 1992. Ursula von der Leyen a f\u0103cut apoi un masterat \u00een s\u0103n\u0103tate public\u0103 \u00een 2001 \u015fi a lucrat ca asistent de cercetare la Departamentul de Epidemiologie, Medicin\u0103 Social\u0103 \u015fi Cercetare \u00een Medicina S\u0103n\u0103t\u0103\u0163ii de la Facultatea de Medicin\u0103 din Hanovra.<\/p>\n<p>\u00a0<\/p>","protected":false},"excerpt":{"rendered":"<p>Ursula von der Leyen, care se \u00eentorcea de la summitul G20 de la Rio de&hellip;<\/p>\n","protected":false},"author":0,"featured_media":9368,"comment_status":"open","ping_status":"open","sticky":false,"template":"","format":"standard","meta":{"footnotes":""},"categories":[2],"tags":[],"class_list":["post-9378","post","type-post","status-publish","format-standard","has-post-thumbnail","hentry","category-actual"],"_links":{"self":[{"href":"https:\/\/247stiri.ro\/index.php\/wp-json\/wp\/v2\/posts\/9378","targetHints":{"allow":["GET"]}}],"collection":[{"href":"https:\/\/247stiri.ro\/index.php\/wp-json\/wp\/v2\/posts"}],"about":[{"href":"https:\/\/247stiri.ro\/index.php\/wp-json\/wp\/v2\/types\/post"}],"replies":[{"embeddable":true,"href":"https:\/\/247stiri.ro\/index.php\/wp-json\/wp\/v2\/comments?post=9378"}],"version-history":[{"count":0,"href":"https:\/\/247stiri.ro\/index.php\/wp-json\/wp\/v2\/posts\/9378\/revisions"}],"wp:featuredmedia":[{"embeddable":true,"href":"https:\/\/247stiri.ro\/index.php\/wp-json\/wp\/v2\/media\/9368"}],"wp:attachment":[{"href":"https:\/\/247stiri.ro\/index.php\/wp-json\/wp\/v2\/media?parent=9378"}],"wp:term":[{"taxonomy":"category","embeddable":true,"href":"https:\/\/247stiri.ro\/index.php\/wp-json\/wp\/v2\/categories?post=9378"},{"taxonomy":"post_tag","embeddable":true,"href":"https:\/\/247stiri.ro\/index.php\/wp-json\/wp\/v2\/tags?post=9378"}],"curies":[{"name":"wp","href":"https:\/\/api.w.org\/{rel}","templated":true}]}}