{"id":9409,"date":"2024-11-21T11:45:53","date_gmt":"2024-11-21T11:45:53","guid":{"rendered":"https:\/\/247stiri.ro\/index.php\/2024\/11\/21\/doi-copii-mici-morti-intr-un-incendiu-care-le-a-cuprins-casa-tragedie-uriasa-in-judetul-suceava\/"},"modified":"2024-11-21T11:45:53","modified_gmt":"2024-11-21T11:45:53","slug":"doi-copii-mici-morti-intr-un-incendiu-care-le-a-cuprins-casa-tragedie-uriasa-in-judetul-suceava","status":"publish","type":"post","link":"https:\/\/247stiri.ro\/index.php\/2024\/11\/21\/doi-copii-mici-morti-intr-un-incendiu-care-le-a-cuprins-casa-tragedie-uriasa-in-judetul-suceava\/","title":{"rendered":"Doi copii mici, mor\u021bi \u00eentr-un incendiu care le-a cuprins casa. Tragedie uria\u0219\u0103 \u00een jude\u021bul Suceava"},"content":{"rendered":"<p>\u201dIncendiu la o cas\u0103 de locuit, \u00een localitatea Voitinel. Intervin pompierii militari \u015fi civili pentru localizarea \u015fi lichidarea fl\u0103c\u0103rilor. Fl\u0103c\u0103rile se manifest\u0103 pe o suprafa\u0163\u0103 de aproximativ 40 mp \u015fi au afectat o cas\u0103 de locuit \u015fi o anex\u0103, construc\u0163ii majoritare din lemn\u201d, a transmis, joi, ISU Suceava.<\/p>\n<p><a href=\"https:\/\/www.realitatea.net\/stiri\/actual\/incendiu-la-o-biserica-din-valenii-de-munte-flacarile-au-devorat-o-mare-parte-din-acoperisul-cladirii_673e566f4d639c36e2563052\" target=\"_blank\">Incendiu la o biseric\u0103 din V\u0103lenii de Munte. Fl\u0103c\u0103rile au devorat o mare parte din acoperi\u015ful cl\u0103dirii<\/a><\/p>\n<p>Pompierii au fost avertiza\u0163i c\u0103 \u00een interior este posibil s\u0103 fi fost surprin\u015fi doi copii.<\/p>\n<p>\u201dDin nefericire, pompierii militari au identificat \u00een interiorul locuin\u0163ei pe cei doi copii, deceda\u0163i\u201d, au mai transmis pompierii.<\/p>\n<p>Ace\u015ftia lucreaz\u0103 pentru lichidarea incendiului.<\/p>\n<p><a href=\"https:\/\/www.realitatea.net\/stiri\/actual\/incendiu-devastator-intr-o%20comuna%20din%20calarasi.%20un%20bebelus%20a%20murit:%20sora%20sa%20in%20varsta%20de%202%20ani%20s-a%20salvat%20in%20ultima%20clipa%20_673c2ade6c579103190dfe46\" target=\"_blank\">Incendiu devastator \u00eentr-o comun\u0103 din C\u0103l\u0103ra\u0219i. Un bebelu\u0219 a MURIT: sora sa \u00een v\u00e2rst\u0103 de 2 ani s-a salvat \u00een ultima clip\u0103<\/a><\/p>","protected":false},"excerpt":{"rendered":"<p>\u201dIncendiu la o cas\u0103 de locuit, \u00een localitatea Voitinel. Intervin pompierii militari \u015fi civili pentru&hellip;<\/p>\n","protected":false},"author":0,"featured_media":9410,"comment_status":"open","ping_status":"open","sticky":false,"template":"","format":"standard","meta":{"footnotes":""},"categories":[2],"tags":[],"class_list":["post-9409","post","type-post","status-publish","format-standard","has-post-thumbnail","hentry","category-actual"],"_links":{"self":[{"href":"https:\/\/247stiri.ro\/index.php\/wp-json\/wp\/v2\/posts\/9409","targetHints":{"allow":["GET"]}}],"collection":[{"href":"https:\/\/247stiri.ro\/index.php\/wp-json\/wp\/v2\/posts"}],"about":[{"href":"https:\/\/247stiri.ro\/index.php\/wp-json\/wp\/v2\/types\/post"}],"replies":[{"embeddable":true,"href":"https:\/\/247stiri.ro\/index.php\/wp-json\/wp\/v2\/comments?post=9409"}],"version-history":[{"count":0,"href":"https:\/\/247stiri.ro\/index.php\/wp-json\/wp\/v2\/posts\/9409\/revisions"}],"wp:featuredmedia":[{"embeddable":true,"href":"https:\/\/247stiri.ro\/index.php\/wp-json\/wp\/v2\/media\/9410"}],"wp:attachment":[{"href":"https:\/\/247stiri.ro\/index.php\/wp-json\/wp\/v2\/media?parent=9409"}],"wp:term":[{"taxonomy":"category","embeddable":true,"href":"https:\/\/247stiri.ro\/index.php\/wp-json\/wp\/v2\/categories?post=9409"},{"taxonomy":"post_tag","embeddable":true,"href":"https:\/\/247stiri.ro\/index.php\/wp-json\/wp\/v2\/tags?post=9409"}],"curies":[{"name":"wp","href":"https:\/\/api.w.org\/{rel}","templated":true}]}}