{"id":9433,"date":"2024-11-21T12:44:56","date_gmt":"2024-11-21T12:44:56","guid":{"rendered":"https:\/\/247stiri.ro\/index.php\/2024\/11\/21\/scandal-la-o-gradinita-privata-din-suceava-o-educatoare-este-acuzata-ca-ar-fi-lovit-un-copil-de-doi-ani-cum-s-a-petrecut-incidentul-femeia-i-a-oferit-mamei-3-variante-de-raspuns\/"},"modified":"2024-11-21T12:44:56","modified_gmt":"2024-11-21T12:44:56","slug":"scandal-la-o-gradinita-privata-din-suceava-o-educatoare-este-acuzata-ca-ar-fi-lovit-un-copil-de-doi-ani-cum-s-a-petrecut-incidentul-femeia-i-a-oferit-mamei-3-variante-de-raspuns","status":"publish","type":"post","link":"https:\/\/247stiri.ro\/index.php\/2024\/11\/21\/scandal-la-o-gradinita-privata-din-suceava-o-educatoare-este-acuzata-ca-ar-fi-lovit-un-copil-de-doi-ani-cum-s-a-petrecut-incidentul-femeia-i-a-oferit-mamei-3-variante-de-raspuns\/","title":{"rendered":"Scandal la o gr\u0103dini\u021b\u0103 privat\u0103 din Suceava! O educatoare este acuzat\u0103 c\u0103 ar fi LOVIT un copil de doi ani. Cum s-a petrecut incidentul: femeia i-a oferit mamei 3 variante de r\u0103spuns"},"content":{"rendered":"<p>Conform relat\u0103rilor p\u0103rintelui copilului agresat, incidentul s-ar fi petrecut mar\u021bi, 19 noiembrie. La finalul programului educa\u021bional, mama micu\u021bului a observat c\u0103 acesta are mai multe v\u00e2n\u0103t\u0103i, zg\u00e2rieturi \u0219i cucuie la nivelul capului \u0219i al fe\u021bei. Femeia a povesti c\u0103\u00a0b\u0103ie\u021belul era speriat, pl\u00e2ngea \u0219i era foarte afectat de evenimentele de peste zi.<\/p>\n\n<p>Ini\u021bial, educatoareai i-ar fi spus mamei c\u0103 a c\u0103zut cu micu\u021bul de pe sc\u0103ri. Ulterior, aceasta \u0219i-a modificat afirma\u021bia, men\u021bion\u00e2nd c\u0103 micu\u021bul a c\u0103zut singur de pe sc\u0103ri. Lucrurile nu s-au oprit \u00eens\u0103 aici, pentru c\u0103 educatoarea a avut \u0219i o a treia variant\u0103 a celor \u00eent\u00e2mplate \u00een acea zi. Mai exact, aceasta i-a spus mamei c\u0103 b\u0103iatul a fost lovit de ceilal\u021bi copii \u00een timp ce se jucau.\u00a0<\/p>\n<p><a href=\"https:\/\/www.realitatea.net\/stiri\/actual\/parintii-copiilor-abuzati-de-o-educatoare-de-la-o-gradinita-din-capitala-declaratii-exclusive-am-ajuns-cu-copilul-si-la-psihiatru_6739f9f8d771e21b5528365b\" target=\"_blank\">P\u0103rin\u021bii copiilor ABUZA\u021aI de o educatoare de la o gr\u0103dini\u021b\u0103 din Capital\u0103, declara\u021bii exclusive: &#8222;Am ajuns cu copilul la psihiatru&#8221;<\/a><\/p>\n<p>\u201eEu am doi copii, ambii frecvent\u00e2nd Centrul Bambino din luna octombrie. \u00cenceputul a fost foarte bun, copiii erau entuziasma\u021bi de aceast\u0103 gr\u0103dini\u021b\u0103, a\u0219teptau cu ner\u0103bdare s\u0103 intre. De ceva timp, am observat c\u0103 b\u0103ie\u021belul de 2 ani \u0219i jum\u0103tate, din grupa mic\u0103, refuz\u0103 s\u0103 mai mearg\u0103 la gr\u0103dini\u021b\u0103, pl\u00e2nge necontrolat c\u00e2nd ajunge. Totul a culminat mar\u021bi dup\u0103 mas\u0103 c\u00e2nd l-am luat pe b\u0103iat de la gr\u0103dini\u021b\u0103 lovit, speriat, cu v\u00e2n\u0103t\u0103i pe fa\u021b\u0103 \u0219i capul plin de cucuie. Mi-a fost pus \u00een bra\u021be \u0219i educatoarea mi-a spus &lt;Ia-\u021bi-l acas\u0103, c\u0103 am c\u0103zut cu el de pe sc\u0103ri&gt;. Asta a fost prima variant\u0103. Eu am \u00eenceput cu telefoanele, cu insisten\u021bele s\u0103 aflu care a fost adev\u0103rul. Urm\u0103toarea variant\u0103 care mi s-a zis a fost c\u0103 b\u0103iatul a c\u0103zut singur de pe sc\u0103ri, ca ulterior s\u0103 mi se spun\u0103 c\u0103 a fost lovit de ceilal\u021bi copii de la grup\u0103, \u00een joaca lor. Deci trei versiuni.<\/p>\n<p>Sunt ni\u0219te imagini de la grup\u0103 unde copiii se ciond\u0103nesc, dar b\u0103ie\u021belul este \u00eembr\u00e2ncit, nu lovit de ceilal\u021bi micu\u021bi, nu justific\u0103 v\u00e2n\u0103t\u0103ile de la cap \u0219i fa\u021b\u0103. Am acces la camere, \u00eens\u0103 f\u0103r\u0103 sunet \u0219i acestea nu acoper\u0103 toate unghiurile. Eu credeam foarte mult \u00een aceast\u0103 educatoare, dar ulterior mi-au confirmat alte persoane c\u0103 vorbe\u0219te foarte ur\u00e2t cu copiii, \u021bip\u0103 la ei etc. (&#8230;)\u201d, a povestit mama copilului pentru <a href=\"https:\/\/www.monitorulsv.ro\/Local\/2024-11-21\/Educatoarea-unei-gradinite-private-acuzata-ca-ar-fi-lovit-un-copil-Printre-altele-le-ar-fi-sugerat-parintilor-o-cheta-pentru-a-si-cumpara-o-blana\" target=\"_blank\">Monitorul de Suceava<\/a>.<\/p>\n<p>Cum a pus la cale educatoarea o &#8222;chet\u0103&#8221; pentru o blan\u0103 din Turcia? Discu\u021bii revolt\u0103toare pe grupul de p\u0103rin\u021bi<\/p>\n<p>Mama copilului a postat o serie de conversa\u021bii pe care le-a avut cu educatoarea pe parcursul mai multor zile, c\u00e2nd \u00eens\u0103 &#8222;apele&#8221; \u00een gr\u0103dini\u021b\u0103 erau ceva mai lini\u0219tite. Pe acestea le-ar fi legat chiar o prietenie, p\u0103rintele men\u021bion\u00e2nd c\u0103 ini\u021bial o aprecia pe educatoare \u0219i \u00eei era recunosc\u0103toare pentru activitatea de la centru.<\/p>\n<p>\u00cen conversa\u021biile men\u021bionate, educatoarea \u00eei comunic\u0103 m\u0103micii c\u0103 se apropie ziua ei \u0219i c\u0103 merge \u00een Turcia, de unde ar dori s\u0103-\u0219i cumpere o hain\u0103 de blan\u0103. Cele dou\u0103 s-au pus chiar de acord s\u0103 anun\u021be pe grupul p\u0103rin\u021bilor o \u201echet\u0103\u201d, banii str\u00e2n\u0219i urm\u00e2nd s\u0103 acopere jum\u0103tate din costul bl\u0103nii. Cealalt\u0103 jum\u0103tate urma s\u0103 fie suportat\u0103 de angajata centrului educa\u021bional.<\/p>\n<p>Referitor la acest cadou, educatoarea sus\u021bine \u00eens\u0103 c\u0103 mama ar fi fost cea care a insistat pentru oferirea sa.<\/p>\n<p>Conducerea gr\u0103dini\u021bei\u00a0 sustine, \u00een schimb, c\u0103 a pus la dispozi\u021bia m\u0103micii toate materialele video de pe camerele de filmat la care au acces to\u021bi p\u0103rin\u021bii \u0219i care arat\u0103 \u201eclar\u201d c\u0103 b\u0103ie\u021belul a fost lovit de doi colegi.<\/p>\n<p>\u201eCu toate acestea, mama copilului a refuzat s\u0103 le vizioneze \u0219i a ales s\u0103 sus\u021bin\u0103 \u00een mod fals c\u0103 acesta a fost lovit de educatoare, r\u0103sp\u00e2ndind acuza\u021bii \u00een mediul public \u0219i refuz\u00e2nd orice form\u0103 de dialog constructiv. Materialele video confirm\u0103 c\u0103 situa\u021bia descris\u0103 de c\u0103tre mam\u0103 nu reflect\u0103 realitatea \u0219i nu exist\u0103 nicio dovad\u0103 care s\u0103 sus\u021bin\u0103 acuza\u021biile aduse \u00eempotriva educatoarei. (&#8230;) Avem dovezi clare, care confirm\u0103 adev\u0103rul \u0219i le vom prezenta organelor abilitate pentru o analiz\u0103 obiectiv\u0103. Am demarat deja o anchet\u0103 intern\u0103 pentru a evalua situa\u021bia \u0219i vom lua toate m\u0103surile necesare pentru a proteja reputa\u021bia centrului educa\u021bional Bambino \u0219i pentru a ne asigura c\u0103 faptele sunt corect \u00een\u021belese. Ne exprim\u0103m regretul c\u0103 s-a ajuns la aceast\u0103 situa\u021bie \u0219i r\u0103m\u00e2nem deschi\u0219i c\u0103tre un dialog constructiv, bazat pe respect \u0219i transparen\u021b\u0103\u201d, au transmis reprezentan\u021bii centrului educa\u021bional, potrivit sursei citate.<\/p>\n<p>Educatoarea implicat\u0103 a men\u021bionat c\u0103 incidentele dintre copii ar fi avut loc c\u00e2t timp ea era la baie cu un alt b\u0103ie\u021bel \u0219i c\u0103 \u00eentreaga scen\u0103 a fost filmat\u0103, materialul fiind depus la Poli\u021bie.<\/p>","protected":false},"excerpt":{"rendered":"<p>Conform relat\u0103rilor p\u0103rintelui copilului agresat, incidentul s-ar fi petrecut mar\u021bi, 19 noiembrie. La finalul programului&hellip;<\/p>\n","protected":false},"author":0,"featured_media":9434,"comment_status":"open","ping_status":"open","sticky":false,"template":"","format":"standard","meta":{"footnotes":""},"categories":[2],"tags":[],"class_list":["post-9433","post","type-post","status-publish","format-standard","has-post-thumbnail","hentry","category-actual"],"_links":{"self":[{"href":"https:\/\/247stiri.ro\/index.php\/wp-json\/wp\/v2\/posts\/9433","targetHints":{"allow":["GET"]}}],"collection":[{"href":"https:\/\/247stiri.ro\/index.php\/wp-json\/wp\/v2\/posts"}],"about":[{"href":"https:\/\/247stiri.ro\/index.php\/wp-json\/wp\/v2\/types\/post"}],"replies":[{"embeddable":true,"href":"https:\/\/247stiri.ro\/index.php\/wp-json\/wp\/v2\/comments?post=9433"}],"version-history":[{"count":0,"href":"https:\/\/247stiri.ro\/index.php\/wp-json\/wp\/v2\/posts\/9433\/revisions"}],"wp:featuredmedia":[{"embeddable":true,"href":"https:\/\/247stiri.ro\/index.php\/wp-json\/wp\/v2\/media\/9434"}],"wp:attachment":[{"href":"https:\/\/247stiri.ro\/index.php\/wp-json\/wp\/v2\/media?parent=9433"}],"wp:term":[{"taxonomy":"category","embeddable":true,"href":"https:\/\/247stiri.ro\/index.php\/wp-json\/wp\/v2\/categories?post=9433"},{"taxonomy":"post_tag","embeddable":true,"href":"https:\/\/247stiri.ro\/index.php\/wp-json\/wp\/v2\/tags?post=9433"}],"curies":[{"name":"wp","href":"https:\/\/api.w.org\/{rel}","templated":true}]}}