{"id":9439,"date":"2024-11-21T12:44:57","date_gmt":"2024-11-21T12:44:57","guid":{"rendered":"https:\/\/247stiri.ro\/index.php\/2024\/11\/21\/mircea-fechet-a-convocat-sedinta-de-urgenta-dupa-codul-rosu-de-viscol-emis-de-anm-este-prima-sedinta-cmsu-din-aceasta-iarna\/"},"modified":"2024-11-21T12:44:57","modified_gmt":"2024-11-21T12:44:57","slug":"mircea-fechet-a-convocat-sedinta-de-urgenta-dupa-codul-rosu-de-viscol-emis-de-anm-este-prima-sedinta-cmsu-din-aceasta-iarna","status":"publish","type":"post","link":"https:\/\/247stiri.ro\/index.php\/2024\/11\/21\/mircea-fechet-a-convocat-sedinta-de-urgenta-dupa-codul-rosu-de-viscol-emis-de-anm-este-prima-sedinta-cmsu-din-aceasta-iarna\/","title":{"rendered":"Mircea Fechet a convocat \u0219edin\u021b\u0103 de urgen\u021b\u0103 dup\u0103 CODUL RO\u0218U de viscol emis de ANM. Este prima \u0219edin\u021b\u0103 CMSU din aceast\u0103 iarn\u0103"},"content":{"rendered":"<p>\u201d\u015eedin\u0163a extraordinar\u0103 a CMSU a fost organizat\u0103 ca urmare a avertiz\u0103rilor meteorologice de COD GALBEN, COD PORTOCALIU \u015fi COD RO\u015eU transmise de Administra\u0163ia Na\u0163ional\u0103 de Meteorologie (ANM). La \u00eent\u00e2lnire au participat reprezentan\u0163i ai Administra\u0163iei Na\u0163ionale de Meteorologie, ai Institutului Na\u0163ional de Hidrologie \u015fi Gospod\u0103rire a Apelor (INHGA), ai Administra\u0163iei Na\u0163ionale \u201dApele Rom\u00e2ne\u201d, ai Companiei Na\u0163ionale de Administrare a Infrastructurii Rutiere (CNAIR), ai Inspectoratului General pentru Situa\u0163ii de Urgen\u0163\u0103 (IGSU), ai Departamentului pentru Situa\u0163ii de Urgen\u0163\u0103 (DSU) \u015fi ai Ministerului Mediului, Apelor \u015fi P\u0103durilor\u201d, a anun\u021bat, joi, Ministerul Mediului, \u00eentr-un comunicat.<\/p>\n<p><a href=\"https:\/\/www.realitatea.net\/stiri\/actual\/opt-masini-avariate-de-arborii-cazuti-sub-greutatea-zapezii-la-suceava-a-fost-nevoie-de-interventia-pompierilor_673f117f5e756523af6ff9de\" target=\"_blank\">Opt ma\u0219ini, avariate de arborii c\u0103zu\u021bi sub greutatea z\u0103pezii, la Suceava. A fost nevoie de interven\u021bia pompierilor<\/a><\/p>\n<p>Potrivit sursei citate, ministrul Mircea Fechet a dispus ca toate institu\u0163iile cu responsabilit\u0103\u0163i \u00een domeniu s\u0103 fie informate \u00een timp real despre evolu\u0163ia fenomenelor meteorologice \u015fi fie preg\u0103tite pentru interven\u0163ie, dac\u0103 situa\u0163ia o va impune.<\/p>\n<p>\u201dANM a emis primul cod ro\u015fu pentru acest sezon de iarn\u0103, o schimbare radical\u0103 termic\u0103 cu minime negative \u00een toat\u0103 \u0163ara. Vreau s\u0103 fim siguri c\u0103 monitoriz\u0103m cu aten\u0163ie situa\u0163ia \u015fi asigur\u0103m transmiterea tuturor informa\u0163iilor necesare \u015fi c\u0103tre Ministerul Transporturilor \u015fi Ministerul Energiei. Pentru a m\u0103 asigura de o comunicare rapid\u0103, am avut chiar \u00een aceast\u0103 diminea\u0163\u0103 o discu\u0163ie telefonic\u0103 cu directorul CNAIR, Cristian Pistol. Voi discuta \u015fi cu ministrul energiei, Sebastian Burduja \u015fi \u00eei voi transmite concluziile Comitetului ministerial pentru situa\u0163ii de urgen\u0163\u0103 convocat ast\u0103zi. Colegii de la ANM vor transmite toate informa\u0163iile privind evolu\u0163ia meteo \u015fi c\u0103tre aceste ministere pentru a putea fi preg\u0103tite, la nevoie\u201d, a subliniat ministrul, potrivit comunicatului citat.<\/p>\n<p><a href=\"https:\/\/www.realitatea.net\/stiri\/actual\/control-judiciar-pentru-seful-ipj-cluj-alaturi-de-alti-3-subalterni-adjunctul-ciprian-neag-scapa-de-masuri-preventive-momentan_66716f9135ffbd2da3039102\" target=\"_blank\">Haos din cauza z\u0103pezilor: trenuri BLOCATE \u00een gar\u0103! Mai mul\u021bi copaci c\u0103zu\u021bi au rupt firele de electricitate<\/a><\/p>\n<p>\u201dComitetul de ast\u0103zi vizeaz\u0103 avertiz\u0103rile meteorologice pe care ANM le-a actualizat \u00een aceast\u0103 diminea\u0163\u0103, este primul cod ro\u015fu pentru fenomene de iarn\u0103 din sezonul rece care tocmai a \u00eenceput. Vitezele v\u00e2ntului la rafal\u0103 vor fi de peste 120 km\/h, la altitudini mai mari de 1700 metri, \u00een jude\u0163ele Cara\u015f-Severin, Hunedoara, Alba, Sibiu, Bra\u015fov, Arge\u015f \u015fi D\u00e2mbovi\u0163a, unde va fi viscol foarte puternic care va putea determina reducerea vizibilit\u0103\u0163ii spre zero \u015fi troienirea stratului de z\u0103pad\u0103\u201d, a declarat, la r\u00e2ndul s\u0103u, Elena Mateescu, directorul general al ANM.<\/p>\n<p>De cealalt\u0103 parte, speciali\u015ftii INHGA au informat c\u0103 \u00een ultimele 24 de ore nu s-au \u00eenregistrat probleme din punct de vedere hidrologic, iar pe baza prognozelor \u015fi \u00een func\u0163ie de evolu\u0163ia situa\u0163iei meteo, este posibil ca \u00een cursul zilei de m\u00e2ine s\u0103 fie emise aten\u0163ion\u0103ri hidrologice de cod galben, \u00eens\u0103 f\u0103r\u0103 probleme deosebite.<\/p>\n<p><a href=\"https:\/\/www.realitatea.net\/stiri\/actual\/ninge-la-predeal-se-circula-greu-la-busteni-imagini-cu-zapada-de-pe-dn1_673ef978ea78412d99301a42\" target=\"_blank\">Ninge la Predeal. Se circul\u0103 greu la Bu\u0219teni \u00een primul episod de iarn\u0103. Imagini cu z\u0103pada de pe DN1<\/a><\/p>\n<p>\u201dSpeciali\u015ftii ANAR nu anticipeaz\u0103 probleme care s\u0103 fie provocate de cantit\u0103\u0163ile de precipita\u0163ii care urmeaz\u0103 s\u0103 cad\u0103, pentru c\u0103, \u00een acest moment, gradul de umplere al lacurilor este de aproximativ 55%\u201d, mai arat\u0103 reprezentan\u0163ii Ministerlui Mediului.<\/p>","protected":false},"excerpt":{"rendered":"<p>\u201d\u015eedin\u0163a extraordinar\u0103 a CMSU a fost organizat\u0103 ca urmare a avertiz\u0103rilor meteorologice de COD GALBEN,&hellip;<\/p>\n","protected":false},"author":0,"featured_media":9440,"comment_status":"open","ping_status":"open","sticky":false,"template":"","format":"standard","meta":{"footnotes":""},"categories":[2],"tags":[],"class_list":["post-9439","post","type-post","status-publish","format-standard","has-post-thumbnail","hentry","category-actual"],"_links":{"self":[{"href":"https:\/\/247stiri.ro\/index.php\/wp-json\/wp\/v2\/posts\/9439","targetHints":{"allow":["GET"]}}],"collection":[{"href":"https:\/\/247stiri.ro\/index.php\/wp-json\/wp\/v2\/posts"}],"about":[{"href":"https:\/\/247stiri.ro\/index.php\/wp-json\/wp\/v2\/types\/post"}],"replies":[{"embeddable":true,"href":"https:\/\/247stiri.ro\/index.php\/wp-json\/wp\/v2\/comments?post=9439"}],"version-history":[{"count":0,"href":"https:\/\/247stiri.ro\/index.php\/wp-json\/wp\/v2\/posts\/9439\/revisions"}],"wp:featuredmedia":[{"embeddable":true,"href":"https:\/\/247stiri.ro\/index.php\/wp-json\/wp\/v2\/media\/9440"}],"wp:attachment":[{"href":"https:\/\/247stiri.ro\/index.php\/wp-json\/wp\/v2\/media?parent=9439"}],"wp:term":[{"taxonomy":"category","embeddable":true,"href":"https:\/\/247stiri.ro\/index.php\/wp-json\/wp\/v2\/categories?post=9439"},{"taxonomy":"post_tag","embeddable":true,"href":"https:\/\/247stiri.ro\/index.php\/wp-json\/wp\/v2\/tags?post=9439"}],"curies":[{"name":"wp","href":"https:\/\/api.w.org\/{rel}","templated":true}]}}