{"id":9459,"date":"2024-11-21T14:46:26","date_gmt":"2024-11-21T14:46:26","guid":{"rendered":"https:\/\/247stiri.ro\/index.php\/2024\/11\/21\/bomba-pentru-micii-intreprinzatori-ccr-a-decis-ca-legea-prin-care-pfa-urile-puteau-deveni-srl-uri-este-neconstitutionala\/"},"modified":"2024-11-21T14:46:26","modified_gmt":"2024-11-21T14:46:26","slug":"bomba-pentru-micii-intreprinzatori-ccr-a-decis-ca-legea-prin-care-pfa-urile-puteau-deveni-srl-uri-este-neconstitutionala","status":"publish","type":"post","link":"https:\/\/247stiri.ro\/index.php\/2024\/11\/21\/bomba-pentru-micii-intreprinzatori-ccr-a-decis-ca-legea-prin-care-pfa-urile-puteau-deveni-srl-uri-este-neconstitutionala\/","title":{"rendered":"Bomb\u0103 pentru micii \u00eentreprinz\u0103tori: CCR a decis c\u0103 legea prin care PFA-urile puteau deveni SRL-uri este neconstitu\u0163ional\u0103"},"content":{"rendered":"<p>\u00cen cadrul controlului de constitu\u0163ionalitate a priori, cu unanimitate de voturi, CCR a admis joi o obiec\u0163ie de neconstitu\u0163ionalitate ridicat\u0103 de \u00cenalta Curte de Casa\u0163ie \u015fi Justi\u0163ie \u015fi a constatat c\u0103 este neconstitu\u0163ional\u0103, \u00een ansamblul s\u0103u, Legea pentru completarea Ordonan\u0163ei de urgen\u0163\u0103 a Guvernului nr. 44\/2008 privind desf\u0103\u015furarea activit\u0103\u0163ilor economice de c\u0103tre persoanele fizice autorizate, \u00eentreprinderile individuale \u015fi \u00eentreprinderile familiale.Legea a fost adoptat\u0103 \u00een Parlament \u00een luna octombrie \u015fi prevedea introducerea art. 33 (1) \u00een OUG 44\/2008, cu urm\u0103torul cuprins: &#8222;(1) Prin excep\u0163ie de la prevederile art.21, 27 \u015fi 33, persoanele fizice autorizate, \u00eentreprinderile individuale \u015fi \u00eentreprinderile familiale pot opta, dup\u0103 minimum un an de func\u0163ionare, pentru modificarea formei de organizare \u00een societate \u00een una dintre formele prev\u0103zute la art. 2 din Legea societ\u0103\u0163ilor nr.31\/1990, republicat\u0103, cu modific\u0103rile \u015fi complet\u0103rile ulterioare, dac\u0103 depun la oficiul registrului comer\u0163ului \u00een a c\u0103rui raz\u0103 teritorial\u0103 \u00ee\u015fi va avea sediul societatea urm\u0103toarele documente: a) certificatul de \u00eenregistrare ob\u0163inut conform prezentei ordonan\u0163e de urgen\u0163\u0103; b) actul constitutiv al societ\u0103\u0163ii \u015fi dovada efectu\u0103rii v\u0103rs\u0103mintelor \u00een temeiul actului constitutiv, cu excep\u0163ia societ\u0103\u0163ilor cu r\u0103spundere limitat\u0103; c) dovada sediului social; d) certificatul de atestare fiscal\u0103; e) codul de \u00eenregistrare \u00een scopuri de TVA, dup\u0103 caz. (2) Societatea \u00eenfiin\u0163at\u0103 potrivit alin.(1) \u00ee\u015fi men\u0163ine codul de identificare fiscal\u0103 \u015fi codul de \u00eenregistrare \u00een scopuri de TVA. (3) \u00cen termen de 3 zile lucr\u0103toare de la depunerea documentelor, autorit\u0103\u0163ile competente vor elibera certificatul de \u00eenmatriculare al noii societ\u0103\u0163i&#8221;.Prin aceast\u0103 modificare legislativ\u0103 persoanele fizice autorizate (PFA), \u00eentreprinderile individuale \u015fi \u00eentreprinderile familiale se puteau reorganiza, prin transformare, \u00een una dintre entit\u0103\u0163ile reglementate de art. 2 din Legea societ\u0103\u0163ilor nr.31\/1990, respectiv: societate \u00een nume colectiv, societate \u00een comandit\u0103 simpl\u0103, societate pe ac\u0163iuni, societate \u00een comandit\u0103 pe ac\u0163iuni, societate cu r\u0103spundere limitat\u0103.<\/p>\n<p><a title=\"Alegeri prezidentiale 2024. Votul in diaspora incepe vineri. Lista sediilor sectiilor de votare din strainatate\" href=\"https:\/\/www.realitatea.net\/stiri\/actual\/alegeri-prezidentiale-2024-votul-in-diaspora-incepe-vineri-lista-sediilor-sectiilor-de-votare-din-strainatate_673f24c0060512633210b3e6\">Alegeri preziden\u021biale 2024. Votul \u00een diaspora \u00eencepe vineri. Lista sediilor sec\u021biilor de votare din str\u0103in\u0103tate<\/a>\u00cen esen\u0163\u0103, CCR a re\u0163inut c\u0103 inten\u0163ia legiuitorului de a reglementa un drept de op\u0163iune al persoanelor fizice autorizate, al \u00eentreprinderilor individuale \u015fi al celor familiale pentru modificarea formei de organizare \u00een societate \u00een una dintre formele prev\u0103zute de Legea societ\u0103\u0163ilor nr.31\/1990 nu este \u00eenso\u0163it\u0103 de reglementarea \u00een concret a unei proceduri legale care s\u0103 permit\u0103 realizarea efectiv\u0103 a acestei modific\u0103ri, av\u00e2nd \u00een vedere regimul juridic diferit al societ\u0103\u0163ilor reglementat prin Legea nr.31\/1990.Curtea a constatat c\u0103 simpla exercitare a unui drept de op\u0163iune recunoscut la nivel legal unor entit\u0103\u0163i f\u0103r\u0103 personalitate juridic\u0103, chiar \u00eenso\u0163it\u0103 de depunerea unor \u00eenscrisuri, nu este suficient\u0103 \u015fi nu poate conduce \u00een mod automat \u015fi integral la asimilarea regimului juridic al entit\u0103\u0163ilor economice f\u0103r\u0103 personalitate juridic\u0103, reglementate de Ordonan\u0163a de urgen\u0163\u0103 a Guvernului nr. 44\/2008, cu regimul juridic al societ\u0103\u0163ilor cu personalitate juridic\u0103, reglementate de Legea nr. 31\/1990, republicat\u0103, cu modific\u0103rile \u015fi complet\u0103rile ulterioare, \u015fi nici nu determin\u0103 aplicarea corespunz\u0103toare a procedurii prev\u0103zute de Legea nr.31\/1990 \u00een cazul schimb\u0103rii formei societ\u0103\u0163ilor.Curtea a mai re\u0163inut c\u0103, \u00een condi\u0163iile \u00een care nu se stabilesc \u00een mod expres \u015fi neechivoc procedura de transformare, condi\u0163iile de fond \u015fi form\u0103 necesare pentru a opera transformarea unei entit\u0103\u0163i f\u0103r\u0103 personalitate juridic\u0103 \u00een societate, legea criticat\u0103 creeaz\u0103, sub unele aspecte, premisele unei aplic\u0103ri neunitare a normelor legale instituite, iar \u00een unele cazuri duce la imposibilitatea aplic\u0103rii efective a legii criticate, generate de modul defectuos, imprecis \u015fi incomplet de redactare a normelor acesteia, de natur\u0103 a contraveni dispozi\u0163iilor constitu\u0163ionale referitoare la principiul legalit\u0103\u0163ii, \u00een componenta sa referitoare la calitatea legii.\u00a0<\/p>\n<p><a title='PNL cere audierea lui Marcel Ciolacu in scandalul Nordis. Florin Roman: ,,Exista suspiciuni ca ar fi vorba si de alte destinatii\"' href=\"https:\/\/www.realitatea.net\/stiri\/actual\/pnl-cere-audierea-lui-marcel-ciolacu-in-scandalul-nordis-florin-roman-exista-suspiciuni-ca-ar-fi-fost-si-in-alte-destinatii_673f3a46663a1a640860a1d2\">PNL cere audierea lui Marcel Ciolacu \u00een scandalul Nordis. Florin Roman: \u201eExist\u0103 suspiciuni c\u0103 ar fi vorba \u0219i de alte destina\u021bii\u201d<\/a><\/p>","protected":false},"excerpt":{"rendered":"<p>\u00cen cadrul controlului de constitu\u0163ionalitate a priori, cu unanimitate de voturi, CCR a admis joi&hellip;<\/p>\n","protected":false},"author":0,"featured_media":9460,"comment_status":"open","ping_status":"open","sticky":false,"template":"","format":"standard","meta":{"footnotes":""},"categories":[2],"tags":[],"class_list":["post-9459","post","type-post","status-publish","format-standard","has-post-thumbnail","hentry","category-actual"],"_links":{"self":[{"href":"https:\/\/247stiri.ro\/index.php\/wp-json\/wp\/v2\/posts\/9459","targetHints":{"allow":["GET"]}}],"collection":[{"href":"https:\/\/247stiri.ro\/index.php\/wp-json\/wp\/v2\/posts"}],"about":[{"href":"https:\/\/247stiri.ro\/index.php\/wp-json\/wp\/v2\/types\/post"}],"replies":[{"embeddable":true,"href":"https:\/\/247stiri.ro\/index.php\/wp-json\/wp\/v2\/comments?post=9459"}],"version-history":[{"count":0,"href":"https:\/\/247stiri.ro\/index.php\/wp-json\/wp\/v2\/posts\/9459\/revisions"}],"wp:featuredmedia":[{"embeddable":true,"href":"https:\/\/247stiri.ro\/index.php\/wp-json\/wp\/v2\/media\/9460"}],"wp:attachment":[{"href":"https:\/\/247stiri.ro\/index.php\/wp-json\/wp\/v2\/media?parent=9459"}],"wp:term":[{"taxonomy":"category","embeddable":true,"href":"https:\/\/247stiri.ro\/index.php\/wp-json\/wp\/v2\/categories?post=9459"},{"taxonomy":"post_tag","embeddable":true,"href":"https:\/\/247stiri.ro\/index.php\/wp-json\/wp\/v2\/tags?post=9459"}],"curies":[{"name":"wp","href":"https:\/\/api.w.org\/{rel}","templated":true}]}}