{"id":9490,"date":"2024-11-21T16:45:54","date_gmt":"2024-11-21T16:45:54","guid":{"rendered":"https:\/\/247stiri.ro\/index.php\/2024\/11\/21\/corina-chiriac-victima-a-furtului-de-identitate-pe-retelele-de-socializare-ce-a-transmis-marea-artista\/"},"modified":"2024-11-21T16:45:54","modified_gmt":"2024-11-21T16:45:54","slug":"corina-chiriac-victima-a-furtului-de-identitate-pe-retelele-de-socializare-ce-a-transmis-marea-artista","status":"publish","type":"post","link":"https:\/\/247stiri.ro\/index.php\/2024\/11\/21\/corina-chiriac-victima-a-furtului-de-identitate-pe-retelele-de-socializare-ce-a-transmis-marea-artista\/","title":{"rendered":"Corina Chiriac, victim\u0103 a furtului de IDENTITATE pe re\u021belele de socializare. Ce a transmis marea artist\u0103?"},"content":{"rendered":"<p>ATENTIE- Azi am primit O nou\u0103 fraud\u0103 f\u0103cut\u0103 folosindu-se imaginea mea. VOCEA NU ESTE A MEA, NICI &#8222;REALIZAREA&#8221;. Eu am anun\u021bat frauda \u0219i la Facebook, o va \u0219terge oficial cineva&#8221;, a fost mesajul postat de Corina Chiriac pe pagina sa de socializare.<\/p>\n<p>Artista a explicat c\u0103 imaginile \u0219i vocea i-au fost preluate \u0219i contraf\u0103cute dintr-un interviu acordat \u00een urm\u0103 cu circa un an, pentru a fi folosite \u00eentr-o reclam\u0103 mincinoas\u0103.<\/p>\n\n<p>surs\u0103 foto: <a href=\"https:\/\/www.facebook.com\/CorinaChiriacPaginaOficiala\" target=\"_blank\">Corina Chiriac\/FB<\/a><\/p>","protected":false},"excerpt":{"rendered":"<p>ATENTIE- Azi am primit O nou\u0103 fraud\u0103 f\u0103cut\u0103 folosindu-se imaginea mea. VOCEA NU ESTE A&hellip;<\/p>\n","protected":false},"author":0,"featured_media":9491,"comment_status":"open","ping_status":"open","sticky":false,"template":"","format":"standard","meta":{"footnotes":""},"categories":[8],"tags":[],"class_list":["post-9490","post","type-post","status-publish","format-standard","has-post-thumbnail","hentry","category-lifestyle"],"_links":{"self":[{"href":"https:\/\/247stiri.ro\/index.php\/wp-json\/wp\/v2\/posts\/9490","targetHints":{"allow":["GET"]}}],"collection":[{"href":"https:\/\/247stiri.ro\/index.php\/wp-json\/wp\/v2\/posts"}],"about":[{"href":"https:\/\/247stiri.ro\/index.php\/wp-json\/wp\/v2\/types\/post"}],"replies":[{"embeddable":true,"href":"https:\/\/247stiri.ro\/index.php\/wp-json\/wp\/v2\/comments?post=9490"}],"version-history":[{"count":0,"href":"https:\/\/247stiri.ro\/index.php\/wp-json\/wp\/v2\/posts\/9490\/revisions"}],"wp:featuredmedia":[{"embeddable":true,"href":"https:\/\/247stiri.ro\/index.php\/wp-json\/wp\/v2\/media\/9491"}],"wp:attachment":[{"href":"https:\/\/247stiri.ro\/index.php\/wp-json\/wp\/v2\/media?parent=9490"}],"wp:term":[{"taxonomy":"category","embeddable":true,"href":"https:\/\/247stiri.ro\/index.php\/wp-json\/wp\/v2\/categories?post=9490"},{"taxonomy":"post_tag","embeddable":true,"href":"https:\/\/247stiri.ro\/index.php\/wp-json\/wp\/v2\/tags?post=9490"}],"curies":[{"name":"wp","href":"https:\/\/api.w.org\/{rel}","templated":true}]}}