{"id":9492,"date":"2024-11-21T16:45:55","date_gmt":"2024-11-21T16:45:55","guid":{"rendered":"https:\/\/247stiri.ro\/index.php\/2024\/11\/21\/a-mers-in-vacanta-cu-familia-in-dubai-si-risca-20-de-ani-de-inchisoare-ce-a-putut-sa-faca-un-tanar-de-18-ani\/"},"modified":"2024-11-21T16:45:55","modified_gmt":"2024-11-21T16:45:55","slug":"a-mers-in-vacanta-cu-familia-in-dubai-si-risca-20-de-ani-de-inchisoare-ce-a-putut-sa-faca-un-tanar-de-18-ani","status":"publish","type":"post","link":"https:\/\/247stiri.ro\/index.php\/2024\/11\/21\/a-mers-in-vacanta-cu-familia-in-dubai-si-risca-20-de-ani-de-inchisoare-ce-a-putut-sa-faca-un-tanar-de-18-ani\/","title":{"rendered":"A mers \u00een vacan\u021b\u0103 cu familia \u00een Dubai \u0219i risc\u0103 20 de ani de \u00eenchisoare. Ce a putut s\u0103 fac\u0103 un t\u00e2n\u0103r de 18 ani"},"content":{"rendered":"<p>Markus Fakana, originar din Tottenham, se afla \u00een vacan\u021b\u0103 cu familia c\u00e2nd a cunoscut o t\u00e2n\u0103r\u0103 din Londra, iar \u00eentre ei a \u00eenceput o rela\u021bie. De\u0219i fata avea doar 17 ani la momentul \u00eent\u00e2lnirii, Markus nu \u0219tia acest detaliu \u0219i rela\u021bia lor p\u0103rea s\u0103 decurg\u0103 normal.<\/p>\n<p>Ce a m\u0103rturisit t\u00e2n\u0103rul dup\u0103 incident<\/p>\n<p>\u201eNe-am \u00een\u021beles foarte bine, dar ea a \u021binut secret\u0103 rela\u021bia fa\u021b\u0103 de p\u0103rin\u021bii ei din cauza regimului strict pe care ace\u0219tia \u00eel impuneau. P\u0103rin\u021bii mei \u0219tiau despre noi, dar ea nu le-a spus c\u0103 urma s\u0103 se \u00eent\u00e2lneasc\u0103 cu un b\u0103iat. A venit la mine f\u0103r\u0103 ca familia ei s\u0103 \u0219tie\u201d, a spus Markus, explic\u00e2nd circumstan\u021bele \u00eent\u00e2lnirii.<\/p>\n<p><a href=\"https:\/\/www.realitatea.net\/stiri\/monden\/cum-a-fost-surprinsa-anca-turcasiu-alaturi-de-iubitul-ei-ipostaze-tandre-din-vacanta_673cf1ecd1ed825ec61a49e2\" target=\"_blank\">Dup\u0103 ce vacan\u021ba s-a \u00eencheiat<\/a>, fata s-a \u00eentors \u00een Londra, iar cei doi sperau s\u0103 continue rela\u021bia, dar b\u0103iatul a fost arestat \u00een Dubai, unde r\u0103m\u0103sese \u00eenc\u0103 \u00een vacan\u021b\u0103. Potrivit Sky News, t\u00e2n\u0103rul a fost re\u021binut timp de trei zile, f\u0103r\u0103 a-\u0219i putea contacta familia, fiind luat prin surprindere de interven\u021bia poli\u021biei.<\/p>\n<p>Motivul re\u021binerii a fost descoperirea unor conversa\u021bii \u0219i fotografii \u00eentre cei doi, aflate \u00een posesia mamei fetei, care le-a g\u0103sit la \u00eentoarcerea acesteia \u00een Marea Britanie. Ulterior, aceasta a contactat autorit\u0103\u021bile din Dubai, iar t\u00e2n\u0103rul a fost arestat pentru \u00eenc\u0103lcarea legii locale.<\/p>\n<p>T\u00e2n\u0103rul risc\u0103 20 de ani de pu\u0219c\u0103rie<\/p>\n<p>Markus risc\u0103 acum p\u00e2n\u0103 la 20 de ani de \u00eenchisoare din cauza legilor severe din Emiratele Arabe Unite referitoare la rela\u021biile intime \u00een afacerea c\u0103s\u0103toriei. De\u0219i Dubai a legalizat sexul \u00een afacerea c\u0103s\u0103toriei pentru turi\u0219ti, acest lucru se aplic\u0103 doar dac\u0103 ambele p\u0103r\u021bi sunt peste 18 ani, iar \u00een cazul de fa\u021b\u0103 fata avea 17 ani la momentul incidentului. Radha Stirling, director executiv al organiza\u021biei Detained in Dubai, a explicat: \u201eFata era cu doar c\u00e2teva luni mai mic\u0103 dec\u00e2t Markus \u0219i el nu \u0219tia acest lucru \u00een acel moment. \u00centre timp, ea a \u00eemplinit 18 ani.\u201d<\/p>\n<p>Familia lui Markus a cerut ajutorul ministrului de externe britanic, David Lammy, pentru a interveni \u00een cazul t\u00e2n\u0103rului. De\u0219i nu mai este re\u021binut \u00eentr-o celul\u0103, el <a href=\"https:\/\/www.realitatea.net\/stiri\/extern\/petrecere-de-neuitat-de-ziua-de-nastere-a-unui-copil-de-6-ani-mai-multi-minori-au-mazgalit-un-ferrari-de-240000-de-euro_671f727cfdc7e90a964acb32\" target=\"_blank\">nu poate p\u0103r\u0103si Dubaiul<\/a> p\u00e2n\u0103 c\u00e2nd cazul s\u0103u nu va fi rezolvat. \u00cen plus, familia lui Fakana se confrunt\u0103 cu costuri suplimentare considerabile, de aproximativ 2.000 de lire sterline pentru cazarea \u00een Dubai, pe durata procesului.<\/p>\n<p>\u201eFamilia mea a economisit mult pentru aceast\u0103 vacan\u021b\u0103, iar acum totul s-a transformat \u00eentr-o povar\u0103 financiar\u0103 uria\u0219\u0103\u201d, a declarat Markus pentru grupul Detained in Dubai, reflect\u00e2nd asupra impactului pe care acest incident l-a avut asupra vie\u021bii sale \u0219i a familiei sale.<\/p>\n<p>\u00a0<\/p>\n<p>\u00a0<\/p>","protected":false},"excerpt":{"rendered":"<p>Markus Fakana, originar din Tottenham, se afla \u00een vacan\u021b\u0103 cu familia c\u00e2nd a cunoscut o&hellip;<\/p>\n","protected":false},"author":0,"featured_media":9493,"comment_status":"open","ping_status":"open","sticky":false,"template":"","format":"standard","meta":{"footnotes":""},"categories":[4],"tags":[],"class_list":["post-9492","post","type-post","status-publish","format-standard","has-post-thumbnail","hentry","category-extern"],"_links":{"self":[{"href":"https:\/\/247stiri.ro\/index.php\/wp-json\/wp\/v2\/posts\/9492","targetHints":{"allow":["GET"]}}],"collection":[{"href":"https:\/\/247stiri.ro\/index.php\/wp-json\/wp\/v2\/posts"}],"about":[{"href":"https:\/\/247stiri.ro\/index.php\/wp-json\/wp\/v2\/types\/post"}],"replies":[{"embeddable":true,"href":"https:\/\/247stiri.ro\/index.php\/wp-json\/wp\/v2\/comments?post=9492"}],"version-history":[{"count":0,"href":"https:\/\/247stiri.ro\/index.php\/wp-json\/wp\/v2\/posts\/9492\/revisions"}],"wp:featuredmedia":[{"embeddable":true,"href":"https:\/\/247stiri.ro\/index.php\/wp-json\/wp\/v2\/media\/9493"}],"wp:attachment":[{"href":"https:\/\/247stiri.ro\/index.php\/wp-json\/wp\/v2\/media?parent=9492"}],"wp:term":[{"taxonomy":"category","embeddable":true,"href":"https:\/\/247stiri.ro\/index.php\/wp-json\/wp\/v2\/categories?post=9492"},{"taxonomy":"post_tag","embeddable":true,"href":"https:\/\/247stiri.ro\/index.php\/wp-json\/wp\/v2\/tags?post=9492"}],"curies":[{"name":"wp","href":"https:\/\/api.w.org\/{rel}","templated":true}]}}